{"id":810,"date":"2007-04-10T18:27:10","date_gmt":"2007-04-10T16:27:10","guid":{"rendered":"http:\/\/www.albinz.de\/blog\/?p=810"},"modified":"2007-04-10T18:27:10","modified_gmt":"2007-04-10T16:27:10","slug":"burgerentscheid-in-tostedt","status":"publish","type":"post","link":"https:\/\/willizblog.de\/?p=810","title":{"rendered":"B\u00fcrgerentscheid in Tostedt"},"content":{"rendered":"<p>Zum ersten Mal findet in Tostedt am 06.05.2007 ein <a href=\"https:\/\/de.wikipedia.org\/wiki\/B%C3%BCrgerentscheid\" target=\"_blank\">B\u00fcrgerentscheid<\/a> statt. Ausgangspunkt ist die <a href=\"http:\/\/www.tostedt.de\/internet\/page.php?site=12000259&#038;typ=2\" target=\"_blank\">Planung und Realisierung eines Verkehrskreisels<\/a>, dem im Ortsteil Todtgl\u00fcsingen das Ehrern- bzw. Mahnmal und eine alte Eiche weichen sollen. Die Kosten f\u00fcr den Kreisel sollen 350000 \u20ac betragen. Dagegen wendet sich eine Aktionsgemeinschaft, die f\u00fcr Erhaltung des Mahnmals und der Eiche \u00fcber 2700 g\u00fcltige Unterschriften gesammelt hatte und damit diesen Volksentscheid durchsetzte.<\/p>\n<p>Der Gemeinderat hofft insgesamt auf die Tr\u00e4gheit der wahlberechtigten B\u00fcrger. Ich pers\u00f6nlich kann daher nur empfehlen, an dem B\u00fcrgerentscheid teilzunehmen &#8211; unabh\u00e4ngig davon, welche Stellung eingenommen wird.<\/p>\n","protected":false},"excerpt":{"rendered":"<p>Zum ersten Mal findet in Tostedt am 06.05.2007 ein B\u00fcrgerentscheid statt. Ausgangspunkt ist die Planung und Realisierung eines Verkehrskreisels, dem im Ortsteil Todtgl\u00fcsingen das Ehrern- bzw. Mahnmal und eine alte Eiche weichen sollen. Die Kosten f\u00fcr den Kreisel sollen 350000 \u20ac betragen. Dagegen wendet sich eine Aktionsgemeinschaft, die f\u00fcr Erhaltung des Mahnmals und der Eiche &hellip; <a href=\"https:\/\/willizblog.de\/?p=810\" class=\"more-link\"><span class=\"screen-reader-text\">B\u00fcrgerentscheid in Tostedt<\/span> weiterlesen <span class=\"meta-nav\">&rarr;<\/span><\/a><\/p>\n","protected":false},"author":1,"featured_media":0,"comment_status":"closed","ping_status":"closed","sticky":false,"template":"","format":"standard","meta":[],"categories":[12,11],"tags":[],"_links":{"self":[{"href":"https:\/\/willizblog.de\/index.php?rest_route=\/wp\/v2\/posts\/810"}],"collection":[{"href":"https:\/\/willizblog.de\/index.php?rest_route=\/wp\/v2\/posts"}],"about":[{"href":"https:\/\/willizblog.de\/index.php?rest_route=\/wp\/v2\/types\/post"}],"author":[{"embeddable":true,"href":"https:\/\/willizblog.de\/index.php?rest_route=\/wp\/v2\/users\/1"}],"replies":[{"embeddable":true,"href":"https:\/\/willizblog.de\/index.php?rest_route=%2Fwp%2Fv2%2Fcomments&post=810"}],"version-history":[{"count":0,"href":"https:\/\/willizblog.de\/index.php?rest_route=\/wp\/v2\/posts\/810\/revisions"}],"wp:attachment":[{"href":"https:\/\/willizblog.de\/index.php?rest_route=%2Fwp%2Fv2%2Fmedia&parent=810"}],"wp:term":[{"taxonomy":"category","embeddable":true,"href":"https:\/\/willizblog.de\/index.php?rest_route=%2Fwp%2Fv2%2Fcategories&post=810"},{"taxonomy":"post_tag","embeddable":true,"href":"https:\/\/willizblog.de\/index.php?rest_route=%2Fwp%2Fv2%2Ftags&post=810"}],"curies":[{"name":"wp","href":"https:\/\/api.w.org\/{rel}","templated":true}]}}