{"id":8100,"date":"2014-01-28T10:37:50","date_gmt":"2014-01-28T09:37:50","guid":{"rendered":"http:\/\/www.willizblog.de\/?p=8100"},"modified":"2014-01-28T13:24:09","modified_gmt":"2014-01-28T12:24:09","slug":"ein-tick-anders","status":"publish","type":"post","link":"https:\/\/willizblog.de\/?p=8100","title":{"rendered":"Ein Tick anders"},"content":{"rendered":"<p><a href=\"https:\/\/de.wikipedia.org\/wiki\/Ein_Tick_anders\" target=\"_blank\">Ein Tick anders<\/a> ist eine deutsche Filmkom\u00f6die von Regisseur <a href=\"https:\/\/de.wikipedia.org\/wiki\/Andi_Rogenhagen\" target=\"_blank\">Andi Rogenhagen<\/a> aus dem Jahr 2011 mit <a href=\"https:\/\/de.wikipedia.org\/wiki\/Jasna_Fritzi_Bauer\" target=\"_blank\">Jasna Fritzi Bauer<\/a> in der Hauptrolle.<\/p>\n<ul><img src=\"http:\/\/videostore-cdn.eu.playstation.com\/product_images\/de_DE\/ein-tick-anders-36877\/ein-tick-anders-36877-16x9-large.jpg\" alt=\"Ein Tick anders (2011)\" title=\"Ein Tick anders (2011)\" \/><\/ul>\n<p><em>Die siebzehnj\u00e4hrige Eva (Jasna Fritzi Bauer) leidet unter <a href=\"https:\/\/de.wikipedia.org\/wiki\/Tourette-Syndrom\" target=\"_blank\">Tourette<\/a>. Manchmal treiben ihre Ticks sie in den Wahnsinn, doch eigentlich ist Eva gl\u00fccklich. Denn im Kreise ihrer schr\u00e4gen, aber liebevollen Familie akzeptiert jeder sie, wie sie ist. Erst als ihr Vater (Waldemar Kobus) seinen Job verliert, ger\u00e4t die famili\u00e4re Balance aus dem Lot: Gemeinsam mit ihrer kauzigen Oma (Renate Delfs) und ihrem durchgeknallten Onkel (Stefan Kurt) versucht Eva bei der Existenzsicherung zu helfen, was zusehends ins Chaos f\u00fchrt &#8211; bis Eva schlie\u00dflich \u00fcber sich und ihre Krankheit hinausw\u00e4chst und merkt, dass es Zeit wird, ihr eigenes Leben zu f\u00fchren&#8230;<\/em><\/p>\n<p>aus: <a href=\"http:\/\/www.filmstarts.de\/kritiken\/190298\/kritik.html\" target=\"_blank\">filmstarts.de<\/a><\/p>\n<p>In seinem Spielfilm <a target=\"_blank\" href=\"https:\/\/www.amazon.de\/gp\/search?ie=UTF8&#038;camp=1638&#038;creative=6742&#038;index=dvd&#038;keywords=ein%20tick%20anders&#038;linkCode=ur2&#038;tag=familiealbin-21\"><strong>Ein Tick anders<\/strong><\/a><img loading=\"lazy\" src=\"http:\/\/ir-de.amazon-adsystem.com\/e\/ir?t=familiealbin-21&#038;l=ur2&#038;o=3\" width=\"1\" height=\"1\" border=\"0\" alt=\"\" style=\"border:none !important; margin:0px !important;\" \/>, der an letzten Freitag um 20.15 Uhr auf Arte lief, erz\u00e4hlt der Grimmepreistr\u00e4ger Andi Rogenhagen (&#8222;The Final Kick&#8220;) keine d\u00fcstere Krankengeschichte, sondern bereitet das Thema Tourette-Syndrom in einer m\u00e4rchenhaft anmutenden Kom\u00f6die auf. Dabei \u00fcberzeugen weniger die eher konfuse Handlung als vielmehr die Schauspieler, allen voran die starke Hauptdarstellerin Jasna Fritzi Bauer (&#8222;Scherbenpark&#8220;, &#8222;Barbara&#8220;). <\/p>\n<p>Zun\u00e4chst beginnt der Film eher anekdotenhaft ohne gr\u00f6\u00dfere Handlung. Wir lernen die liebeswerten, wenn auch skurrilen Protagonisten nach und nach kennen. In der zweiten H\u00e4lfte sorgt eine eher arg konstruierte und leicht haneb\u00fcchen wirkende Abenteuergeschichte um einen Bank\u00fcberfall f\u00fcr etwas mehr Leben und wendet sich damit vielleicht eher an die j\u00fcngeren Zuschauer. Das tut dem Film trotzdem keinen Abbruch, denn den eigentlichen Charme bekommt <a href=\"http:\/\/www.eintickanders.de\/\" target=\"_blank\">Ein Tick anders<\/a> durch die durchweg liebevoll gezeichneten und lustvoll gespielten Figuren.<\/p>\n<p><iframe loading=\"lazy\" width=\"540\" height=\"304\" src=\"\/\/www.youtube.com\/embed\/9Q9aV-GkN8o\" frameborder=\"0\" allowfullscreen><\/iframe><br \/>\nEin Tick anders (2011)<\/p>\n<p>\u2026 weitere Filmausschnitte:<\/p>\n<p><iframe loading=\"lazy\" width=\"540\" height=\"304\" src=\"\/\/www.youtube.com\/embed\/FEeE0RfCf-E\" frameborder=\"0\" allowfullscreen><\/iframe><br \/>\nEin Tick anders: Evas Familie \/ Oma sprengt den Staubsauger <\/p>\n<p><iframe loading=\"lazy\" width=\"540\" height=\"304\" src=\"\/\/www.youtube.com\/embed\/Mk-Wfq6fTSw\" frameborder=\"0\" allowfullscreen><\/iframe><br \/>\nEin Tick anders: Das bin ich \/ Der Molch \/ Vorstellungsgespr\u00e4ch <\/p>\n<p><iframe loading=\"lazy\" width=\"540\" height=\"304\" src=\"\/\/www.youtube.com\/embed\/bn4dpHxd_zc\" frameborder=\"0\" allowfullscreen><\/iframe><br \/>\nEin Tick anders: Eva und das Casting<\/p>\n<p>Dieser Film wurde \u00fcbrigens fast zeitgleich mit dem Film <a href=\"https:\/\/www.willizblog.de\/?p=3641\" target=\"_blank\">Vincent will meer<\/a>, ebenfalls eine Kom\u00f6die um einen am Tourette-Syndrom Leidenden, gedreht. Beide Filme sind durch \u00f6ffentliche Gelder gef\u00f6rdert worden.<\/p>\n<p>Heute soll es nun einem Teil der deutschen <a href=\"https:\/\/de.wikipedia.org\/wiki\/Filmf%C3%B6rderung\" target=\"_blank\">Filmf\u00f6rderung<\/a> an den Kragen gehen. Das Bundesverfassungsgericht entscheidet heute \u00fcber die Verfassungsm\u00e4\u00dfigkeit des <a href=\"https:\/\/de.wikipedia.org\/wiki\/Filmf%C3%B6rderungsgesetz_%28Deutschland%29\" target=\"_blank\">Filmf\u00f6rderungsgesetz (FFG)<\/a>, das Grundlage f\u00fcr die F\u00f6rderung deutsches Filme durch die Filmf\u00f6rderungsanstalt ist. Ihre Mittel erlangt die Filmf\u00f6rderungsanstalt gem\u00e4\u00df \u00a7\u00a7 66 ff. FFG durch Erhebung der Filmabgabe von Filmtheaterbetreibern, von Vermietern oder Verk\u00e4ufern von Videos sowie &#8211; seit dem Sechsten \u00c4nderungsgesetz &#8211; von den \u00f6ffentlich-rechtlichen und privaten Fernsehveranstaltern; letztere leisteten zuvor auf Basis freiwilliger Abkommen (sog. Film-Fernseh-Abkommen) Zahlungen an die FFA.<\/p>\n<p><em>Einige gro\u00dfe Kinobetreiber wollen das F\u00f6rdersystem jetzt kippen. Sie wehren sich in Karlsruhe dagegen, dass sie zur Zahlung einer Filmabgabe verpflichtet sind &#8211; ebenso wie Fernsehsender und DVD-Verleiher. Nach dem 1968 erlassenen und inzwischen mehrfach ge\u00e4nderten Gesetz m\u00fcssen Kinos bis zu drei Prozent ihres Umsatzes an die Filmf\u00f6rderungsanstalt (FFA) in Berlin abliefern.<\/em><\/p>\n<p><em>\u201eWarum sollen die Kinos mit einer Zwangsabgabe jede Menge Filme mitfinanzieren, die ihnen keinen wirtschaftlichen Nutzen bringen?\u201c, sagte UCI-Kinowelt-Gesch\u00e4ftsf\u00fchrer Ralf Schilling als einer der Kl\u00e4ger. \u201eMehr als zwei Drittel der gef\u00f6rderten Projekte erreichen weniger als 55 000 Besucher im Kino. Hier wird im gro\u00dfen Stil am Geschmack des Publikums vorbeiproduziert.\u201c<\/em> (Quelle: <a href=\"http:\/\/www.stern.de\/kultur\/film\/karlsruhe-entscheidet-ueber-deutsche-filmfoerderung-2085891.html\" target=\"_blank\">stern.de<\/a>)<\/p>\n<p><em>\u201eEine Abschaffung w\u00e4re f\u00fcr den deutschen Film desastr\u00f6s\u201c, sagt Regisseur und Filmpreistr\u00e4ger Adolf Winkelmann im <a href=\"http:\/\/www.heute.de\/urteil-vom-bundesverfassungsgericht-in-karlsruhe-zur-film-foerderung-31639632.html\" target=\"_blank\">heute.de-Interview<\/a>. Im Vergleich zu US-Kinoproduktionen sei man ohnehin schon sparsam. \u201eFilmf\u00f6rderung garantiert Vielfalt und Kontinuit\u00e4t\u201c, sagt die Pr\u00e4sidentin der Deutschen Filmakademie Iris Berben. Die 63-j\u00e4hrige Schauspielerin will auch in Karlsruhe Flagge f\u00fcr den Erhalt der Filmf\u00f6rderung zeigen. Sie betont die Bedeutung der F\u00f6rderung f\u00fcr unabh\u00e4ngige Filme. \u201eVielfalt, Kontinuit\u00e4t und Unabh\u00e4ngigkeit w\u00e4ren gef\u00e4hrdet &#8211; schlechte Voraussetzung f\u00fcr gutes, spannendes, \u00fcberraschendes und unterhaltsames Kino.\u201c<\/em><\/p>\n<p>Es geht um den deutschen Film, der den Betreibern der gro\u00dfen Kinos nicht viel gedeutet. Denen geht es in erster Linie ums Geld, weniger um Qualit\u00e4t. Ein Ende der deutschen Filmf\u00f6rderung w\u00e4re auch das Ende des deutschen Films.<\/p>\n<p>\u00dcbrigens: Wie werden Filme in Deutschland \u00fcblicherweise finanziert? Hierzu Adolf Winkelmann im genannten Interview: <em>\u201eMit Hilfe von im Vorfeld verkauften Lizenzen an eine Fernsehanstalt, mit Hilfe bedingt r\u00fcckzahlbarer Darlehen der verschiedenen L\u00e4nder-F\u00f6rderungen; aber nat\u00fcrlich auch mit Mitteln der Filmf\u00f6rderungs-Anstalt und des neu geschaffenen Deutschen Filmf\u00f6rderfonds des Bundes, der sich mit ca. 20 Prozent der Produktionskosten im Inland an dem Film beteiligt. Den Rest, den es immer gibt, muss man als Produzent dann versuchen selbst aufzubringen.\u201c<\/em><\/p>\n<p><strong>Nachtrag:<\/strong> Die deutsche Filmf\u00f6rderung ist verfassungsgem\u00e4\u00df. Das Bundesverfassungsgericht hat die Rechtm\u00e4\u00dfigkeit der Filmabgabe best\u00e4tigt. Die Karlsruher Richter wiesen damit vier Verfassungsbeschwerden von Betreibern gro\u00dfer Kinoketten ab. Diese hatten sich dagegen gewehrt, dass sie kulturelle Aufgaben finanzieren sollen, die eigentlich die L\u00e4nder bezahlen m\u00fcssten. &#8222;Dem Bund ist es nicht verwehrt, in der Wahrnehmung aller seiner Kompetenzen auch auf Schonung, Schutz und F\u00f6rderung der Kultur Bedacht zu nehmen&#8220;, entschied der Zweite Senat unter Vorsitz von Gerichtspr\u00e4sident Andreas Vo\u00dfkuhle. Die Abgaben, die an die Filmf\u00f6rderungsanstalt (FFA) gehen, machen fast ein Drittel der deutschen Filmf\u00f6rderung von 340 Millionen Euro aus. Das restliche Geld kommt von Bund und L\u00e4ndern. (Quelle: <a href=\"http:\/\/www.heute.de\/bundesverfassungsgericht-in-karlsruhe-urteilt-dass-filmfoerdung-in-jetziger-form-rechtens-ist-31655904.html\" target=\"_blank\">heute.de<\/a>)<\/p>\n","protected":false},"excerpt":{"rendered":"<p>Ein Tick anders ist eine deutsche Filmkom\u00f6die von Regisseur Andi Rogenhagen aus dem Jahr 2011 mit Jasna Fritzi Bauer in der Hauptrolle. Die siebzehnj\u00e4hrige Eva (Jasna Fritzi Bauer) leidet unter Tourette. Manchmal treiben ihre Ticks sie in den Wahnsinn, doch eigentlich ist Eva gl\u00fccklich. Denn im Kreise ihrer schr\u00e4gen, aber liebevollen Familie akzeptiert jeder sie, &hellip; <a href=\"https:\/\/willizblog.de\/?p=8100\" class=\"more-link\"><span class=\"screen-reader-text\">Ein Tick anders<\/span> weiterlesen <span class=\"meta-nav\">&rarr;<\/span><\/a><\/p>\n","protected":false},"author":1,"featured_media":0,"comment_status":"open","ping_status":"open","sticky":false,"template":"","format":"standard","meta":[],"categories":[13],"tags":[],"_links":{"self":[{"href":"https:\/\/willizblog.de\/index.php?rest_route=\/wp\/v2\/posts\/8100"}],"collection":[{"href":"https:\/\/willizblog.de\/index.php?rest_route=\/wp\/v2\/posts"}],"about":[{"href":"https:\/\/willizblog.de\/index.php?rest_route=\/wp\/v2\/types\/post"}],"author":[{"embeddable":true,"href":"https:\/\/willizblog.de\/index.php?rest_route=\/wp\/v2\/users\/1"}],"replies":[{"embeddable":true,"href":"https:\/\/willizblog.de\/index.php?rest_route=%2Fwp%2Fv2%2Fcomments&post=8100"}],"version-history":[{"count":0,"href":"https:\/\/willizblog.de\/index.php?rest_route=\/wp\/v2\/posts\/8100\/revisions"}],"wp:attachment":[{"href":"https:\/\/willizblog.de\/index.php?rest_route=%2Fwp%2Fv2%2Fmedia&parent=8100"}],"wp:term":[{"taxonomy":"category","embeddable":true,"href":"https:\/\/willizblog.de\/index.php?rest_route=%2Fwp%2Fv2%2Fcategories&post=8100"},{"taxonomy":"post_tag","embeddable":true,"href":"https:\/\/willizblog.de\/index.php?rest_route=%2Fwp%2Fv2%2Ftags&post=8100"}],"curies":[{"name":"wp","href":"https:\/\/api.w.org\/{rel}","templated":true}]}}