{"id":8123,"date":"2014-02-02T07:52:28","date_gmt":"2014-02-02T06:52:28","guid":{"rendered":"http:\/\/www.willizblog.de\/?p=8123"},"modified":"2019-08-28T11:51:31","modified_gmt":"2019-08-28T11:51:31","slug":"60-jahre-willi-%e2%80%93-9-jahre-willizblog","status":"publish","type":"post","link":"https:\/\/willizblog.de\/?p=8123","title":{"rendered":"60 Jahre Willi \u2013 9 Jahre Willizblog"},"content":{"rendered":"<p>Ich bin sprachlos, wenn auch nicht ohne Sprache. Nur verschlagen hat sie es mir. Seit neun Jahren (in Ziffern, wenn auch nur der einen: 9) hudele und sudele ich hier blogm\u00e4\u00dfig herum. Und neben mein <a href=\"https:\/\/www.willizblog.de\/?p=6884\" target=\"_blank\" rel=\"noopener noreferrer\">Geblogge und Murmeltiertagen<\/a> gibt\u2019s auch noch mindestens einen weiteren Gedenktag <strong>HEUTE<\/strong> zu feiern. Jawohl: 5 Dutzend nennt man als Z\u00e4hlma\u00df auch Schock (so hei\u00dft es heute f\u00fcr mich: Oh, Schock, <em>ein Schock \u2026?!<\/em>). Genau das &#8230; Und noch genauer: <a href=\"https:\/\/de.wikipedia.org\/wiki\/James_Joyce\" target=\"_blank\" rel=\"noopener noreferrer\">James Joyce<\/a> w\u00e4re heute 132 Jahre alt geworden (<em>Ablenkungsman\u00f6ver!<\/em>).<\/p>\n<ul><img src=\"https:\/\/willizblog.de\/albpics\/williz_welt.jpg\" alt=\"Willi in WilliZ Welt - schottlandm\u00e4\u00dfig\" title=\"Willi in WilliZ Welt - schottlandm\u00e4\u00dfig\" \/><\/ul>\n<p><em>Apropos James Joyce<\/em>: Neben dem <a href=\"https:\/\/de.wikipedia.org\/wiki\/Ulysses\" target=\"_blank\" rel=\"noopener noreferrer\">Ulysses<\/a> liegt bei mir zu Hause bisher nur angelesen (nicht angefressen) <a href=\"https:\/\/de.wikipedia.org\/wiki\/James_Joyce#Finnegans_Wake\" target=\"_blank\" rel=\"noopener noreferrer\">Finnegans Wake<\/a> (Original mit <a href=\"https:\/\/de.wikipedia.org\/wiki\/Finnegans_Wake#.C3.9Cbersetzungen\" target=\"_blank\" rel=\"noopener noreferrer\">deutscher \u00dcbersetzung<\/a> von <a href=\"https:\/\/de.wikipedia.org\/wiki\/Dieter_H._St%C3%BCndel\" target=\"_blank\" rel=\"noopener noreferrer\">Dieter H. St\u00fcndel<\/a>: <em>Finnegans Wehg. Kainn\u00e4h \u00dcbelS\u00e4tzZung des Wehrkess fun Sch\u00e4mes Scheuss<\/em> &#8211; u.a. bei <a href=\"http:\/\/www.zweitausendeins.de\/\" target=\"_blank\" rel=\"noopener noreferrer\">Zweitausendeins<\/a>, Frankfurt a.M. 1993). Zu Finnegan und sein Erwachen f\u00e4llt mir im Augenblick nur folgendes ein [man sollte allen Eventualit\u00e4ten gegen\u00fcber gewappnet sein \u2013 auch ich <a href=\"http:\/\/de.wiktionary.org\/wiki\/kreuchen_und_fleuchen\" target=\"_blank\" rel=\"noopener noreferrer\">kreuche und fleuche<\/a> dem zu, von dem die Wurst bekanntlich zwei hat, dem Ende (aller Tage)]: Wenn\u2019s denn soweit sein wird, w\u00fcnsche ich mir \u00e4hnliches wie dem guten Tim Finnegan, dem aus dem irischen Trinklied: <em><a href=\"https:\/\/de.wikipedia.org\/wiki\/Finnegans_Wake#Zum_Namen_Finnegans_Wake\" target=\"_blank\" rel=\"noopener noreferrer\">Tim Finnegan<\/a> ist ein Maurer, der von der Leiter f\u00e4llt und stirbt. Seine Freunde legen ihn in einen Sarg und halten Totenwache, die in ein wildes Trinkgelage ausartet. Als der Whiskey schlie\u00dflich sogar \u00fcber die Leiche flie\u00dft, erweckt dies Tim Finnegan wieder zum Leben.<\/em> Das w\u00e4r\u2019 \u2019was!<\/p>\n<p>Soweit ist es nat\u00fcrlich noch nicht (noch lange nicht, hoffe ich). Noch kann ich mir meine Ration Whisky (den ohne e, schottischen n\u00e4mlich) selbst zu Gem\u00fcte f\u00fchren, auch wenn die H\u00e4nde vom Alter gezeichnet schon leicht tremolieren. Selbstredend in Ma\u00dfen (Trinken WIE Zittern!)! Ihr m\u00fcsst Euch vorerst schon selbst versorgen mit dem <a href=\"https:\/\/de.wikipedia.org\/wiki\/Whisky#Etymologie\" target=\"_blank\" rel=\"noopener noreferrer\">\u201aLebenswasser\u2019<\/a>. Zum Ansto\u00dfen bin ich aber gern bereit &#8230; Dann kann ich nur wie der <a href=\"https:\/\/www.willizblog.de\/?p=211\" target=\"_blank\" rel=\"noopener noreferrer\">Schotte<\/a> oder Ire sagen: <a href=\"https:\/\/en.wikipedia.org\/wiki\/Sl%C3%A1inte\" target=\"_blank\" rel=\"noopener noreferrer\">Sl\u00e1inte!<\/a> Gesundheit!<\/p>\n<p><em>An dieser Stelle<\/em> nat\u00fcrlich all den Lesern meines Blogs vielen Dank f\u00fcrs Vorbeischauen! Ich hoffe, wir \u201abegegnen\u2019 uns auch zuk\u00fcnftig weiterhin hier. Ansonsten w\u00fcnsche ich einen <em>sch\u00f6nen Sonntag<\/em>!<\/p>\n<p>&#8211; zum 50. siehe meinen Beitrag: <a href=\"https:\/\/www.willizblog.de\/?p=30\" target=\"_blank\" rel=\"noopener noreferrer\">Willkommen im Club der &#8218;echten&#8216; Fuffziger<\/a><br \/>\n&#8211; siehe auch: <a href=\"https:\/\/www.willizblog.de\/?p=2670\" target=\"_blank\" rel=\"noopener noreferrer\">F\u00fcnf Jahre WilliZ Blog<\/a><\/p>\n","protected":false},"excerpt":{"rendered":"<p>Ich bin sprachlos, wenn auch nicht ohne Sprache. Nur verschlagen hat sie es mir. Seit neun Jahren (in Ziffern, wenn auch nur der einen: 9) hudele und sudele ich hier blogm\u00e4\u00dfig herum. Und neben mein Geblogge und Murmeltiertagen gibt\u2019s auch noch mindestens einen weiteren Gedenktag HEUTE zu feiern. Jawohl: 5 Dutzend nennt man als Z\u00e4hlma\u00df &hellip; <a href=\"https:\/\/willizblog.de\/?p=8123\" class=\"more-link\"><span class=\"screen-reader-text\">60 Jahre Willi \u2013 9 Jahre Willizblog<\/span> weiterlesen <span class=\"meta-nav\">&rarr;<\/span><\/a><\/p>\n","protected":false},"author":1,"featured_media":0,"comment_status":"open","ping_status":"open","sticky":false,"template":"","format":"standard","meta":[],"categories":[18,30],"tags":[],"_links":{"self":[{"href":"https:\/\/willizblog.de\/index.php?rest_route=\/wp\/v2\/posts\/8123"}],"collection":[{"href":"https:\/\/willizblog.de\/index.php?rest_route=\/wp\/v2\/posts"}],"about":[{"href":"https:\/\/willizblog.de\/index.php?rest_route=\/wp\/v2\/types\/post"}],"author":[{"embeddable":true,"href":"https:\/\/willizblog.de\/index.php?rest_route=\/wp\/v2\/users\/1"}],"replies":[{"embeddable":true,"href":"https:\/\/willizblog.de\/index.php?rest_route=%2Fwp%2Fv2%2Fcomments&post=8123"}],"version-history":[{"count":0,"href":"https:\/\/willizblog.de\/index.php?rest_route=\/wp\/v2\/posts\/8123\/revisions"}],"wp:attachment":[{"href":"https:\/\/willizblog.de\/index.php?rest_route=%2Fwp%2Fv2%2Fmedia&parent=8123"}],"wp:term":[{"taxonomy":"category","embeddable":true,"href":"https:\/\/willizblog.de\/index.php?rest_route=%2Fwp%2Fv2%2Fcategories&post=8123"},{"taxonomy":"post_tag","embeddable":true,"href":"https:\/\/willizblog.de\/index.php?rest_route=%2Fwp%2Fv2%2Ftags&post=8123"}],"curies":[{"name":"wp","href":"https:\/\/api.w.org\/{rel}","templated":true}]}}