{"id":8127,"date":"2014-02-03T10:43:46","date_gmt":"2014-02-03T09:43:46","guid":{"rendered":"http:\/\/www.willizblog.de\/?p=8127"},"modified":"2014-02-03T10:43:46","modified_gmt":"2014-02-03T09:43:46","slug":"fehlstart-in-die-ruckrunde","status":"publish","type":"post","link":"https:\/\/willizblog.de\/?p=8127","title":{"rendered":"Fehlstart in die R\u00fcckrunde"},"content":{"rendered":"<p>Nein, das war nicht das, was man sich beim SV Werder vorgenommen hatte. Der R\u00fcckrundenstart in der Fu\u00dfballbundesliga gegen den Tabellenletzten zu Hause (0:0) und in Augsburg (1:3) ging geh\u00f6rig in die Hose. Als Zuschauer konnte man nicht das Gef\u00fchl haben, die Jungs wollen jetzt endlich etwas \u201arei\u00dfen\u2019. Was meine zuletzt ge\u00e4u\u00dferte Einsch\u00e4tzung hinsichtlich der Abstiegskandidaten f\u00fcr diese Saison betrifft, so muss ich diese in den F\u00e4llen N\u00fcrnberg und Hannover vielleicht jetzt schon revidieren (<a href=\"https:\/\/www.willizblog.de\/?p=8093\" target=\"_blank\">ich schrieb<\/a>: <em>Abstiegskandidaten sind neben Braunschweig und N\u00fcrnberg sicherlich der FC Freiburg und weitere Nordvereine wie Hannover, der HSV \u2026 und leider auch Werder Bremen<\/em>), N\u00fcrnberg wie Hannover holten auf Anhieb alle sechs Punkte; was den HSV und Werder allerdings angeht, da bin ich mir immer sicherer (bei HSV kratzt es mich nat\u00fcrlich nicht). Werder also ein Abstiegskandidat?<\/p>\n<ul><img src=\"https:\/\/www.willizblog.de\/blogpicts\/werder_sinking_ship.jpg\" alt=\"Werder Bremen: Fehlstart in die R\u00fcckrunde\" title=\"Werder Bremen: Fehlstart in die R\u00fcckrunde\" \/><\/ul>\n<p>Wie aus dem Hut gezogen hat Manager Eichin jetzt die Verpflichtung des polnischen Nationalspieler <a href=\"http:\/\/www.werder.de\/de\/profis\/news\/48061.php\" target=\"_blank\">Ludovic Obraniak<\/a> von Girondins Bordeaux bekanntgegeben. Obraniak l\u00e4sst sich besonders im offensiven Mittelfeld einsetzen und d\u00fcrfte bereits am Wochenende gegen Dortmund auflaufen. Ohne Zweifel hat bei diesem Transfer <a href=\"https:\/\/de.wikipedia.org\/wiki\/Johan_Micoud\" target=\"_blank\">Johan Micoud<\/a>, \u201aLe Chef\u2019 aus alten erfolgreichen Werder-Zeiten, seine Finger im Spiel gehabt. \u201aAlte Seilschaften\u2019 bew\u00e4hren sich auch heute noch &#8230;<\/p>\n<p>Ich denke, Ludovic Obraniak k\u00f6nnte eventuell als Ersatz f\u00fcr Aaron Hunt verpflichtet worden sein, wenn dieser seinen Vertrag, der im Sommer ausl\u00e4uft, nicht verl\u00e4ngern sollte. Aber auch bei Ekici wei\u00df man wohl noch nicht so recht, wie es weitergehen wird. Soweit sind wir allerdings ja noch nicht: Vielleicht kann Obraniak zusammen mit Hunt endlich den Wandel zum Guten bewirken, den alle Fans schon lange erhoffen. &#8211; Und zur n\u00e4chsten Saison hat Eichin au\u00dferdem <a href=\"http:\/\/www.transfermarkt.de\/de\/werder-bremen-bartels-kommt-im-sommer-vom-fc-st-pauli\/news\/anzeigen_147711.html\" target=\"_blank\">Fin Bartels<\/a> vom FC St. Pauli zu Werder geholt. <\/p>\n<p>Ich gestehe, dass ich es leid bin, hier (fast) immer nur von Niederlagen, miesen Spielen und fehlender Einsatzbereitschaft des SV Werder zu berichten. Daher jetzt erst einmal eine (hoffentlich nur) kleine Kunstpause &#8230; Nicht, dass ich Werder abschreibe: man kann seine Unterw\u00e4sche wie es Not tut, wechseln, aber nicht seine Vorliebe f\u00fcr einen Fu\u00dfballverein. Aber ich m\u00f6chte doch warten, bis es wieder so etwas wie ein Erfolgserlebnis gibt, dass weiteres Gute verspricht &#8230; (das w\u00e4re etwas, wenn ich mich n\u00e4chste Woche hier schon wieder in Sachen SV Werder melden sollte).<\/p>\n","protected":false},"excerpt":{"rendered":"<p>Nein, das war nicht das, was man sich beim SV Werder vorgenommen hatte. Der R\u00fcckrundenstart in der Fu\u00dfballbundesliga gegen den Tabellenletzten zu Hause (0:0) und in Augsburg (1:3) ging geh\u00f6rig in die Hose. Als Zuschauer konnte man nicht das Gef\u00fchl haben, die Jungs wollen jetzt endlich etwas \u201arei\u00dfen\u2019. Was meine zuletzt ge\u00e4u\u00dferte Einsch\u00e4tzung hinsichtlich der &hellip; <a href=\"https:\/\/willizblog.de\/?p=8127\" class=\"more-link\"><span class=\"screen-reader-text\">Fehlstart in die R\u00fcckrunde<\/span> weiterlesen <span class=\"meta-nav\">&rarr;<\/span><\/a><\/p>\n","protected":false},"author":1,"featured_media":0,"comment_status":"open","ping_status":"open","sticky":false,"template":"","format":"standard","meta":[],"categories":[27],"tags":[],"_links":{"self":[{"href":"https:\/\/willizblog.de\/index.php?rest_route=\/wp\/v2\/posts\/8127"}],"collection":[{"href":"https:\/\/willizblog.de\/index.php?rest_route=\/wp\/v2\/posts"}],"about":[{"href":"https:\/\/willizblog.de\/index.php?rest_route=\/wp\/v2\/types\/post"}],"author":[{"embeddable":true,"href":"https:\/\/willizblog.de\/index.php?rest_route=\/wp\/v2\/users\/1"}],"replies":[{"embeddable":true,"href":"https:\/\/willizblog.de\/index.php?rest_route=%2Fwp%2Fv2%2Fcomments&post=8127"}],"version-history":[{"count":0,"href":"https:\/\/willizblog.de\/index.php?rest_route=\/wp\/v2\/posts\/8127\/revisions"}],"wp:attachment":[{"href":"https:\/\/willizblog.de\/index.php?rest_route=%2Fwp%2Fv2%2Fmedia&parent=8127"}],"wp:term":[{"taxonomy":"category","embeddable":true,"href":"https:\/\/willizblog.de\/index.php?rest_route=%2Fwp%2Fv2%2Fcategories&post=8127"},{"taxonomy":"post_tag","embeddable":true,"href":"https:\/\/willizblog.de\/index.php?rest_route=%2Fwp%2Fv2%2Ftags&post=8127"}],"curies":[{"name":"wp","href":"https:\/\/api.w.org\/{rel}","templated":true}]}}