{"id":8130,"date":"2014-02-04T07:44:54","date_gmt":"2014-02-04T06:44:54","guid":{"rendered":"http:\/\/www.willizblog.de\/?p=8130"},"modified":"2014-02-03T13:53:09","modified_gmt":"2014-02-03T12:53:09","slug":"kafka-%e2%80%93-der-film","status":"publish","type":"post","link":"https:\/\/willizblog.de\/?p=8130","title":{"rendered":"Kafka \u2013 der Film"},"content":{"rendered":"<p>Der Film <a href=\"https:\/\/de.wikipedia.org\/wiki\/Kafka_%28Film%29\" target=\"_blank\">Kafka<\/a> ist ein Thriller im Stil des expressionistischen Kinos, der 1991 unter der Regie von <a href=\"https:\/\/de.wikipedia.org\/wiki\/Steven_Soderbergh\" target=\"_blank\">Steven Soderbergh<\/a> produziert wurde. Die d\u00fcstere, spannungsgeladene Rahmenhandlung, eine Verfolgungs- und Verschw\u00f6rungsgeschichte in Prag um 1920, ist durchgehend schwarz-wei\u00df gefilmt; farbig sind nur die Szenen in einem Schloss, das Zentrum einer d\u00e4monischen Verschw\u00f6rung ist. In dem Film wirken Jeremy Irons, Theresa Russell, Joel Grey, Ian Holm, Armin Mueller-Stahl und Alec Guinness mit.<\/p>\n<ul><img src=\"http:\/\/ecx.images-amazon.com\/images\/I\/41E2XNZTA4L._SY445_.jpg\" alt=\"Kafka \u2013 der Film (1991)\" ttle=\"Kafka \u2013 der Film (1991)\" \/><\/ul>\n<p><em>Kafka (Jeremy Irons) fristet im Prag des beginnenden 20. Jahrhunderts ein tristes Dasein. Der einsame Mann schuftet Tag f\u00fcr Tag f\u00fcr eine gro\u00dfe Versicherungsgesellschaft. Des Nachts versucht er dem unertr\u00e4glich, weil kargen und langweiligen Alltag zu entfliehen, indem er sich an seine Schreibmaschine setzt und d\u00e4monische Geschichten ersinnt voller seltsamer Gestalten und bizarrer Foltermaschinen. Als ein Freund und Kollege Kafkas tot aufgefunden wird, gibt sich die Polizei schnell mit einer Antwort zufrieden: Selbstmord. Kafka zweifelt daran und beginnt, eigene Nachforschungen anzustellen. Dabei st\u00f6\u00dft er auf weitere ungekl\u00e4rte Todesf\u00e4lle und ger\u00e4t mitten in die Umtriebe einer politischen Widerstandsbewegung, der auch Kafkas Kollegin Gabriela (Theresa Russel) angeh\u00f6rt. Sie berichtet ihm von einer gro\u00dfangelegten Verschw\u00f6rung, in die auch Polizei und Beh\u00f6rden verwickelt sein sollen. Auf der Suche nach Beweisen bekommt Kafka eine Akte in die H\u00e4nde, in der von geh\u00e4uften Todesf\u00e4llen in einer Fabrik die Rede ist. Auch der dubiose Dr. Murnau soll dabei gestorben sein. Die Spuren f\u00fchren Kafka schlie\u00dflich zum Schloss des Ortes\u2026<\/em><\/p>\n<p>aus: <a href=\"http:\/\/www.filmstarts.de\/kritiken\/7260.html\" target=\"_blank\">filmstarts.de<\/a><\/p>\n<p>Den Film habe ich mir vor vielen Jahren einmal aus dem Fernsehen aufgezeichnet, aber bis heute noch nicht gesehen. Da der Film in voller L\u00e4nge (auch auf Deutsch, wenn auch in minderer Qualit\u00e4t) bei Youtube vorhanden ist, habe ich ihn mir jetzt endlich angeschaut. <a href=\"https:\/\/de.wikipedia.org\/wiki\/Kafka_%28Film%29#Kritiken\" target=\"_blank\">Die Kritiken<\/a> waren sehr unterschiedlich. Dass der Film <em>\u201emit Kafka etwa so viel zu tun wie<\/em> [Kafkas Erz\u00e4hlung] <em>\u201aDie Verwandlung\u2019 mit dem<\/em> [Film] <em>\u201aAmerican Werewolf\u2019\u201c<\/em>, m\u00f6chte ich nicht best\u00e4tigen. Soderbergh verkn\u00fcpft in den Film Motive aus Kafkas Leben mit Inhalten und der Atmosph\u00e4re seiner Romane, insbesondere <a href=\"https:\/\/www.willizblog.de\/?p=5432\" target=\"_blank\">\u201eDer Prozess\u201c<\/a> und <em>\u201eDas Schloss\u201c<\/em>. Dabei bedient er sich stilistischer Mittel des <a href=\"https:\/\/de.wikipedia.org\/wiki\/Expressionismus_%28Film%29\" target=\"_blank\">expressionistischen Kinos<\/a> wie bei <a href=\"https:\/\/de.wikipedia.org\/wiki\/Friedrich_Wilhelm_Murnau\" target=\"_blank\">Friedrich Wilhelm Murnau<\/a> oder <a href=\"https:\/\/de.wikipedia.org\/wiki\/Robert_Wiene\" target=\"_blank\">Robert Wiene<\/a>. Beide werden in dem Film mit Anspielungen bedacht: der diabolische Dr. Murnau tr\u00e4gt des einen Namen, und das Bergbauunternehmen, in dem laut Aufzeichnungen auffallend viele Unf\u00e4lle geschehen sind, hei\u00dft Orlac \u2013 nach dem Film <a href=\"https:\/\/de.wikipedia.org\/wiki\/Orlacs_H%C3%A4nde\" target=\"_blank\">Orlacs H\u00e4nde<\/a> von Robert Wiene.<\/p>\n<p>Auch treten Personen auf, die Namen aus Kafkas Werken tragen, u.a. der Freund und Kollege des Film-Kafka, Eduard Raban, den wir in <a href=\"http:\/\/gutenberg.spiegel.de\/buch\/161\/3\" target=\"_blank\">Hochzeitsvorbereitungen auf dem Lande<\/a> finden (<em>\u201eAls Eduard Raban, durch den Flurgang kommend, in die \u00d6ffnung des Tores trat, sah er, da\u00df es regnete\u201c<\/em>) oder Gabriela Rossmann. Den Namen kennen wir aus dem Romanfragment <a href=\"http:\/\/gutenberg.spiegel.de\/buch\/168\/2\" target=\"_blank\">\u201eAmerika\u201c<\/a>. Dort tr\u00e4gt die Hauptfigur den gleichen Nachnamen (\u201eAls der sechzehnj\u00e4hrige Karl Ro\u00dfmann, der von seinen armen Eltern nach Amerika geschickt worden war\u201c). Im <a href=\"http:\/\/gutenberg.spiegel.de\/buch\/157\/2\" target=\"_blank\">\u201eProzess\u201c<\/a> hei\u00dft die Zimmervermieterin von Josef K. <em>Frau Grubach<\/em>. Im Film tr\u00e4gt der Polizist diesen Namen. Wer sich dann etwas weiter in Kafkas Werk auskennt, wird im Film noch viele weitere Hinweise und Anspielungen finden.<\/p>\n<p>Wie an anderer Stelle (<a href=\"https:\/\/www.willizblog.de\/?p=5385\" target=\"_blank\">Kafka, der Prozess und das Kino<\/a>) geschrieben, finde ich Kafkas Werk au\u00dferordentlich bildhaft, ja geradezu filmhaft. Kafka hatte eine Vorliebe f\u00fcr Kino. So bietet es sich geradezu an, Kafka zu verfilmen. Soderbergh geht dabei noch etwas weiter. Er vermischt Kafkas Werk mit dem Kino der damaligen Zeit und gebiert einen Film, der Kafka-Puristen sicherlich erschaudernd l\u00e4sst, der aber vielleicht in den Augen von Kafka selbst gar nicht so schlecht weggekommen w\u00e4re.<\/p>\n<p>Mir hat der Film (endlich habe ich ihn gesehen) auf jeden Fall ganz gut gefallen. Und wer keinen Action-Kracher erwartet, sondern durchaus anspruchsvolles Kino, sollte auch auf seine Kosten kommen. Und vielleicht wird sogar ein leises Interesse auch an Kafkas Werk geweckt. Ich kann sowohl das eine, als auch das andere nur w\u00e4rmstens empfehlen.<\/p>\n<p>Hier nun in voller L\u00e4nge der Film:<\/p>\n<p><iframe loading=\"lazy\" width=\"480\" height=\"360\" src=\"\/\/www.youtube.com\/embed\/EANOjmBy2aM\" frameborder=\"0\" allowfullscreen><\/iframe><br \/>\nKafka \u2013 der Film (1991)<\/p>\n<p><a href=\"http:\/\/www.talkteria.de\/forum\/topic-8095.html\" target=\"_blank\">&#8230;<\/a><\/p>\n","protected":false},"excerpt":{"rendered":"<p>Der Film Kafka ist ein Thriller im Stil des expressionistischen Kinos, der 1991 unter der Regie von Steven Soderbergh produziert wurde. Die d\u00fcstere, spannungsgeladene Rahmenhandlung, eine Verfolgungs- und Verschw\u00f6rungsgeschichte in Prag um 1920, ist durchgehend schwarz-wei\u00df gefilmt; farbig sind nur die Szenen in einem Schloss, das Zentrum einer d\u00e4monischen Verschw\u00f6rung ist. In dem Film wirken &hellip; <a href=\"https:\/\/willizblog.de\/?p=8130\" class=\"more-link\"><span class=\"screen-reader-text\">Kafka \u2013 der Film<\/span> weiterlesen <span class=\"meta-nav\">&rarr;<\/span><\/a><\/p>\n","protected":false},"author":1,"featured_media":0,"comment_status":"open","ping_status":"open","sticky":false,"template":"","format":"standard","meta":[],"categories":[13],"tags":[],"_links":{"self":[{"href":"https:\/\/willizblog.de\/index.php?rest_route=\/wp\/v2\/posts\/8130"}],"collection":[{"href":"https:\/\/willizblog.de\/index.php?rest_route=\/wp\/v2\/posts"}],"about":[{"href":"https:\/\/willizblog.de\/index.php?rest_route=\/wp\/v2\/types\/post"}],"author":[{"embeddable":true,"href":"https:\/\/willizblog.de\/index.php?rest_route=\/wp\/v2\/users\/1"}],"replies":[{"embeddable":true,"href":"https:\/\/willizblog.de\/index.php?rest_route=%2Fwp%2Fv2%2Fcomments&post=8130"}],"version-history":[{"count":0,"href":"https:\/\/willizblog.de\/index.php?rest_route=\/wp\/v2\/posts\/8130\/revisions"}],"wp:attachment":[{"href":"https:\/\/willizblog.de\/index.php?rest_route=%2Fwp%2Fv2%2Fmedia&parent=8130"}],"wp:term":[{"taxonomy":"category","embeddable":true,"href":"https:\/\/willizblog.de\/index.php?rest_route=%2Fwp%2Fv2%2Fcategories&post=8130"},{"taxonomy":"post_tag","embeddable":true,"href":"https:\/\/willizblog.de\/index.php?rest_route=%2Fwp%2Fv2%2Ftags&post=8130"}],"curies":[{"name":"wp","href":"https:\/\/api.w.org\/{rel}","templated":true}]}}