{"id":8144,"date":"2014-02-08T07:26:02","date_gmt":"2014-02-08T06:26:02","guid":{"rendered":"http:\/\/www.willizblog.de\/?p=8144"},"modified":"2014-02-06T10:29:23","modified_gmt":"2014-02-06T09:29:23","slug":"johannes-der-vagabund","status":"publish","type":"post","link":"https:\/\/willizblog.de\/?p=8144","title":{"rendered":"Johannes, der Vagabund"},"content":{"rendered":"<p>Man verzeihe mir das kleine Spielchen. Es ist nur zu berichten, dass die Sache wohl Formen annimmt. Die <a href=\"http:\/\/www.dict.cc\/?s=cover\" target=\"_blank\">H\u00fclle<\/a> (der Mantel, die Decke?) ist bereits enth\u00fcllt. Sie muss sich nur noch mit Inhalt f\u00fcllen. Am 14. April ist es dann soweit: <a href=\"http:\/\/www.vorname.com\/name,Ian.html\" target=\"_blank\">Johannes<\/a>, der <a href=\"http:\/\/latin_german.deacademic.com\/17809\/erraticus\" target=\"_blank\">Vagabund<\/a>, wird \u00fcber den Ladentisch gereicht &#8230;<\/p>\n<p><img src=\"https:\/\/www.willizblog.de\/images\/ia_homo_erraticus_ausschnitt.jpg\" alt=\"eines der glubschigen Augen des Meisters: Ian Anderson \u2013 Homo Erraticus\" title=\"eines der glubschigen Augen des Meisters: Ian Anderson \u2013 Homo Erraticus\" \/><\/p>\n<p><strong><em>Wie bitte?<\/em><\/strong><\/p>\n<table border=\"0\" cellpadding=\"2\" cellspacing=\"0\" width=\"500\">\n<tr>\n<td><font face=\"Lucida Grande, Lucida Sans Unicode, Verdana, sans-serif\" size=\"2\"><a href=\"http:\/\/jethrotull.com\/ian-andersons-homo-erraticus-to-be-released-on-14th-april\/\" target=\"_blank\"><font color=\"#FFFFFF\">Ian Anderson: Homo Erraticus &#8211; Ver\u00f6ffentlichung: 14. April 2014<\/font><\/a><\/font><\/td>\n<\/tr>\n<tr>\n<td>\n<p align=\"center\"><font face=\"Lucida Grande, Lucida Sans Unicode, Verdana, sans-serif\" size=\"2\"><a href=\"http:\/\/jethrotull.com\/wp-content\/uploads\/2014\/02\/Ian_Anderson_Homo_Erraticus_Packshot_Large.jpg.zip\" target=\"_blank\"><font color=\"#FFFFFF\">Download CD-Cover (2500px mal 2500px = 2,1 MB)<\/font><\/a><\/font><\/td>\n<\/tr>\n<tr>\n<td>\n<p align=\"right\"><font face=\"Lucida Grande, Lucida Sans Unicode, Verdana, sans-serif\" size=\"2\" color=\"#FFFFFF\">Willis alter Beitrag: <\/font><a href=\"https:\/\/www.willizblog.de\/?p=7938\" target=\"_blank\"><font face=\"Lucida Grande, Lucida Sans Unicode, Verdana, sans-serif\" size=\"2\" color=\"#FFFFFF\">Homo (Britanicus) Erraticus<\/font><\/a><\/td>\n<\/tr>\n<\/table>\n","protected":false},"excerpt":{"rendered":"<p>Man verzeihe mir das kleine Spielchen. Es ist nur zu berichten, dass die Sache wohl Formen annimmt. Die H\u00fclle (der Mantel, die Decke?) ist bereits enth\u00fcllt. Sie muss sich nur noch mit Inhalt f\u00fcllen. Am 14. April ist es dann soweit: Johannes, der Vagabund, wird \u00fcber den Ladentisch gereicht &#8230; Wie bitte? Ian Anderson: Homo &hellip; <a href=\"https:\/\/willizblog.de\/?p=8144\" class=\"more-link\"><span class=\"screen-reader-text\">Johannes, der Vagabund<\/span> weiterlesen <span class=\"meta-nav\">&rarr;<\/span><\/a><\/p>\n","protected":false},"author":1,"featured_media":0,"comment_status":"open","ping_status":"open","sticky":false,"template":"","format":"standard","meta":[],"categories":[43],"tags":[],"_links":{"self":[{"href":"https:\/\/willizblog.de\/index.php?rest_route=\/wp\/v2\/posts\/8144"}],"collection":[{"href":"https:\/\/willizblog.de\/index.php?rest_route=\/wp\/v2\/posts"}],"about":[{"href":"https:\/\/willizblog.de\/index.php?rest_route=\/wp\/v2\/types\/post"}],"author":[{"embeddable":true,"href":"https:\/\/willizblog.de\/index.php?rest_route=\/wp\/v2\/users\/1"}],"replies":[{"embeddable":true,"href":"https:\/\/willizblog.de\/index.php?rest_route=%2Fwp%2Fv2%2Fcomments&post=8144"}],"version-history":[{"count":0,"href":"https:\/\/willizblog.de\/index.php?rest_route=\/wp\/v2\/posts\/8144\/revisions"}],"wp:attachment":[{"href":"https:\/\/willizblog.de\/index.php?rest_route=%2Fwp%2Fv2%2Fmedia&parent=8144"}],"wp:term":[{"taxonomy":"category","embeddable":true,"href":"https:\/\/willizblog.de\/index.php?rest_route=%2Fwp%2Fv2%2Fcategories&post=8144"},{"taxonomy":"post_tag","embeddable":true,"href":"https:\/\/willizblog.de\/index.php?rest_route=%2Fwp%2Fv2%2Ftags&post=8144"}],"curies":[{"name":"wp","href":"https:\/\/api.w.org\/{rel}","templated":true}]}}