{"id":8167,"date":"2014-02-16T15:39:03","date_gmt":"2014-02-16T14:39:03","guid":{"rendered":"http:\/\/www.willizblog.de\/?p=8167"},"modified":"2014-02-16T15:40:21","modified_gmt":"2014-02-16T14:40:21","slug":"schneeglockchen-grun-rockchen-%e2%80%a6","status":"publish","type":"post","link":"https:\/\/willizblog.de\/?p=8167","title":{"rendered":"Schneegl\u00f6ckchen, gr\u00fcn R\u00f6ckchen \u2026"},"content":{"rendered":"<p>Gestern war es wieder einmal fr\u00fchlingshaft warm: 12,5 \u00b0C im Schatten. Und Schatten gab es ja wirklich im Sonnenschein. Dass Schneegl\u00f6ckchen bereits bl\u00fchen, ist weniger ein Wunder, hei\u00dft es doch im Kinderlied: Schneegl\u00f6ckchen, wei\u00df R\u00f6ckchen &#8230; Nur wei\u00df ist das R\u00f6ckchen nicht, denn das ist eigentlich aus Schnee &#8230;<\/p>\n<p>Und die ersten Krokusse (oder wie man hier in Norddeutschland auch sagt: Kroken) bl\u00fchen allerdings auch bereits. Etwas fr\u00fch, immerhin schreiben wir Mitte Februar!<\/p>\n<table border=\"0\" cellpadding=\"4\" cellspacing=\"0\" width=\"100%\">\n<tr>\n<td width=\"50%\">\n<p align=\"center\"><img loading=\"lazy\" border=\"0\" src=\"https:\/\/www.willizblog.de\/images\/blumen_2014_02_01.jpg\" alt=\"Schneegl\u00f6ckchen - Mitte Februar 2014\" title=\"Schneegl\u00f6ckchen - Mitte Februar 2014\" width=\"270\" height=\"203\"><\/td>\n<td width=\"50%\">\n<p align=\"center\"><img loading=\"lazy\" border=\"0\" src=\"https:\/\/www.willizblog.de\/images\/blumen_2014_02_02.jpg\" alt=\"Krokusse - Mitte Februar 2014\" title=\"Krokusse - Mitte Februar 2014\" width=\"202\" height=\"270\"><\/td>\n<\/tr>\n<tr>\n<td width=\"100%\" colspan=\"2\">\n<p align=\"center\"><font face=\"Lucida Grande, Lucida Sans Unicode, Verdana, sans-serif\" size=\"2\">Schneegl\u00f6ckchen, gr\u00fcn R\u00f6ckchen &#8230;<\/font><\/td>\n<\/tr>\n<\/table>\n","protected":false},"excerpt":{"rendered":"<p>Gestern war es wieder einmal fr\u00fchlingshaft warm: 12,5 \u00b0C im Schatten. Und Schatten gab es ja wirklich im Sonnenschein. Dass Schneegl\u00f6ckchen bereits bl\u00fchen, ist weniger ein Wunder, hei\u00dft es doch im Kinderlied: Schneegl\u00f6ckchen, wei\u00df R\u00f6ckchen &#8230; Nur wei\u00df ist das R\u00f6ckchen nicht, denn das ist eigentlich aus Schnee &#8230; Und die ersten Krokusse (oder wie &hellip; <a href=\"https:\/\/willizblog.de\/?p=8167\" class=\"more-link\"><span class=\"screen-reader-text\">Schneegl\u00f6ckchen, gr\u00fcn R\u00f6ckchen \u2026<\/span> weiterlesen <span class=\"meta-nav\">&rarr;<\/span><\/a><\/p>\n","protected":false},"author":1,"featured_media":0,"comment_status":"open","ping_status":"open","sticky":false,"template":"","format":"standard","meta":[],"categories":[16],"tags":[],"_links":{"self":[{"href":"https:\/\/willizblog.de\/index.php?rest_route=\/wp\/v2\/posts\/8167"}],"collection":[{"href":"https:\/\/willizblog.de\/index.php?rest_route=\/wp\/v2\/posts"}],"about":[{"href":"https:\/\/willizblog.de\/index.php?rest_route=\/wp\/v2\/types\/post"}],"author":[{"embeddable":true,"href":"https:\/\/willizblog.de\/index.php?rest_route=\/wp\/v2\/users\/1"}],"replies":[{"embeddable":true,"href":"https:\/\/willizblog.de\/index.php?rest_route=%2Fwp%2Fv2%2Fcomments&post=8167"}],"version-history":[{"count":0,"href":"https:\/\/willizblog.de\/index.php?rest_route=\/wp\/v2\/posts\/8167\/revisions"}],"wp:attachment":[{"href":"https:\/\/willizblog.de\/index.php?rest_route=%2Fwp%2Fv2%2Fmedia&parent=8167"}],"wp:term":[{"taxonomy":"category","embeddable":true,"href":"https:\/\/willizblog.de\/index.php?rest_route=%2Fwp%2Fv2%2Fcategories&post=8167"},{"taxonomy":"post_tag","embeddable":true,"href":"https:\/\/willizblog.de\/index.php?rest_route=%2Fwp%2Fv2%2Ftags&post=8167"}],"curies":[{"name":"wp","href":"https:\/\/api.w.org\/{rel}","templated":true}]}}