{"id":8194,"date":"2014-02-27T11:35:36","date_gmt":"2014-02-27T10:35:36","guid":{"rendered":"http:\/\/www.willizblog.de\/?p=8194"},"modified":"2014-02-27T11:35:36","modified_gmt":"2014-02-27T10:35:36","slug":"schwarzes-loch-nordkorea-im-dunkeln","status":"publish","type":"post","link":"https:\/\/willizblog.de\/?p=8194","title":{"rendered":"Schwarzes Loch: Nordkorea im Dunkeln"},"content":{"rendered":"<p>Wir haben es ja l\u00e4ngst gewusst: Der <a href=\"https:\/\/de.wikipedia.org\/wiki\/Liste_der_Machthaber_Nordkoreas\" target=\"_blank\">Oberste F\u00fchrer<\/a> <a href=\"https:\/\/de.wikipedia.org\/wiki\/Kim_Jong-un\" target=\"_blank\">Kim Jong-un<\/a> (ja der von <a href=\"https:\/\/de.wikipedia.org\/wiki\/Nordkorea\" target=\"_blank\">Korea-Nord<\/a>) ist eine Art Vorreiter in Sachen Energiesparprogramm! Da k\u00f6nnen wir uns glatt ein Beispiel dran nehmen &#8230; \ud83d\ude09<\/p>\n<p><img src=\"https:\/\/www.willizblog.de\/images\/nordkorea_im_dunkeln.jpg\" alt=\"Schwarzes Loch: Nordkorea im Dunkeln \u00a9 ISS\" title=\"Schwarzes Loch: Nordkorea im Dunkeln \u00a9 ISS\" \/><\/p>\n<p>Weltraum: Etwa in der Mitte dieses Bildes befindet sich das Land Nordkorea. Auf dieser Aufnahme der <a href=\"https:\/\/de.wikipedia.org\/wiki\/Internationale_Raumstation\" target=\"_blank\">Internationalen Raumstation ISS<\/a> wird deutlich, dass das verschlossene Land auch aus dem Weltraum kaum sichtbar ist. W\u00e4hrend Stra\u00dfenlaternen, Autos und Wohnh\u00e4user die \u00fcbrigen Staaten hell erleuchten, herrscht in Nordkorea in weiten Teilen Finsternis. Lediglich <a href=\"https:\/\/de.wikipedia.org\/wiki\/Pj%C3%B6ngjang\" target=\"_blank\">Pj\u00f6ngjang<\/a>, die Hauptstadt Nordkoreas, strahlt ein wenig Licht ab.<\/p>\n<p><img src=\"https:\/\/www.willizblog.de\/images\/nordkorea_karte.jpg\" alt=\"Karte Nordkorea \u2013 \u00a9 Google Maps\" title=\"Karte Nordkorea \u2013 \u00a9 Google Maps\" \/><\/p>\n","protected":false},"excerpt":{"rendered":"<p>Wir haben es ja l\u00e4ngst gewusst: Der Oberste F\u00fchrer Kim Jong-un (ja der von Korea-Nord) ist eine Art Vorreiter in Sachen Energiesparprogramm! Da k\u00f6nnen wir uns glatt ein Beispiel dran nehmen &#8230; \ud83d\ude09 Weltraum: Etwa in der Mitte dieses Bildes befindet sich das Land Nordkorea. Auf dieser Aufnahme der Internationalen Raumstation ISS wird deutlich, dass &hellip; <a href=\"https:\/\/willizblog.de\/?p=8194\" class=\"more-link\"><span class=\"screen-reader-text\">Schwarzes Loch: Nordkorea im Dunkeln<\/span> weiterlesen <span class=\"meta-nav\">&rarr;<\/span><\/a><\/p>\n","protected":false},"author":1,"featured_media":0,"comment_status":"open","ping_status":"open","sticky":false,"template":"","format":"standard","meta":[],"categories":[20],"tags":[],"_links":{"self":[{"href":"https:\/\/willizblog.de\/index.php?rest_route=\/wp\/v2\/posts\/8194"}],"collection":[{"href":"https:\/\/willizblog.de\/index.php?rest_route=\/wp\/v2\/posts"}],"about":[{"href":"https:\/\/willizblog.de\/index.php?rest_route=\/wp\/v2\/types\/post"}],"author":[{"embeddable":true,"href":"https:\/\/willizblog.de\/index.php?rest_route=\/wp\/v2\/users\/1"}],"replies":[{"embeddable":true,"href":"https:\/\/willizblog.de\/index.php?rest_route=%2Fwp%2Fv2%2Fcomments&post=8194"}],"version-history":[{"count":0,"href":"https:\/\/willizblog.de\/index.php?rest_route=\/wp\/v2\/posts\/8194\/revisions"}],"wp:attachment":[{"href":"https:\/\/willizblog.de\/index.php?rest_route=%2Fwp%2Fv2%2Fmedia&parent=8194"}],"wp:term":[{"taxonomy":"category","embeddable":true,"href":"https:\/\/willizblog.de\/index.php?rest_route=%2Fwp%2Fv2%2Fcategories&post=8194"},{"taxonomy":"post_tag","embeddable":true,"href":"https:\/\/willizblog.de\/index.php?rest_route=%2Fwp%2Fv2%2Ftags&post=8194"}],"curies":[{"name":"wp","href":"https:\/\/api.w.org\/{rel}","templated":true}]}}