{"id":8206,"date":"2014-03-02T15:59:32","date_gmt":"2014-03-02T14:59:32","guid":{"rendered":"http:\/\/www.willizblog.de\/?p=8206"},"modified":"2014-03-02T15:59:32","modified_gmt":"2014-03-02T14:59:32","slug":"kein-winter-mehr-in-sicht","status":"publish","type":"post","link":"https:\/\/willizblog.de\/?p=8206","title":{"rendered":"Kein Winter (mehr) in Sicht &#8230;?!"},"content":{"rendered":"<p>Nachdem Mitte Februar die Schneegl\u00f6ckchen bei uns aufgebl\u00fcht sind und statt eines wei\u00dfen R\u00f6ckchen von Schnee <a href=\"https:\/\/www.willizblog.de\/?p=8167\" target=\"_blank\">ein gr\u00fcnes<\/a> tragen, so stehen jetzt Anfang M\u00e4rz auch die Krokusse bei uns in voller Bl\u00fcte. Okay, seit gestern ist f\u00fcr die Meteorologen Fr\u00fchling angesagt. Aber wo ist da eigentlich der Winter geblieben?<\/p>\n<p><img src=\"https:\/\/www.willizblog.de\/images\/garten_krokusse_2014_03.jpg\" alt=\"Krokusse und Schneegl\u00f6ckchen in AlbinZ Garten\" title=\"Krokusse und Schneegl\u00f6ckchen in AlbinZ Garten\" \/><\/p>\n","protected":false},"excerpt":{"rendered":"<p>Nachdem Mitte Februar die Schneegl\u00f6ckchen bei uns aufgebl\u00fcht sind und statt eines wei\u00dfen R\u00f6ckchen von Schnee ein gr\u00fcnes tragen, so stehen jetzt Anfang M\u00e4rz auch die Krokusse bei uns in voller Bl\u00fcte. Okay, seit gestern ist f\u00fcr die Meteorologen Fr\u00fchling angesagt. Aber wo ist da eigentlich der Winter geblieben?<\/p>\n","protected":false},"author":1,"featured_media":0,"comment_status":"open","ping_status":"open","sticky":false,"template":"","format":"standard","meta":[],"categories":[16],"tags":[],"_links":{"self":[{"href":"https:\/\/willizblog.de\/index.php?rest_route=\/wp\/v2\/posts\/8206"}],"collection":[{"href":"https:\/\/willizblog.de\/index.php?rest_route=\/wp\/v2\/posts"}],"about":[{"href":"https:\/\/willizblog.de\/index.php?rest_route=\/wp\/v2\/types\/post"}],"author":[{"embeddable":true,"href":"https:\/\/willizblog.de\/index.php?rest_route=\/wp\/v2\/users\/1"}],"replies":[{"embeddable":true,"href":"https:\/\/willizblog.de\/index.php?rest_route=%2Fwp%2Fv2%2Fcomments&post=8206"}],"version-history":[{"count":0,"href":"https:\/\/willizblog.de\/index.php?rest_route=\/wp\/v2\/posts\/8206\/revisions"}],"wp:attachment":[{"href":"https:\/\/willizblog.de\/index.php?rest_route=%2Fwp%2Fv2%2Fmedia&parent=8206"}],"wp:term":[{"taxonomy":"category","embeddable":true,"href":"https:\/\/willizblog.de\/index.php?rest_route=%2Fwp%2Fv2%2Fcategories&post=8206"},{"taxonomy":"post_tag","embeddable":true,"href":"https:\/\/willizblog.de\/index.php?rest_route=%2Fwp%2Fv2%2Ftags&post=8206"}],"curies":[{"name":"wp","href":"https:\/\/api.w.org\/{rel}","templated":true}]}}