{"id":8216,"date":"2014-03-05T00:19:12","date_gmt":"2014-03-04T23:19:12","guid":{"rendered":"http:\/\/www.willizblog.de\/?p=8216"},"modified":"2014-03-10T15:07:05","modified_gmt":"2014-03-10T14:07:05","slug":"kompetenz-statt-hinterzimmerpolitik-unterstutzung-fur-peter-dorsam","status":"publish","type":"post","link":"https:\/\/willizblog.de\/?p=8216","title":{"rendered":"B\u00fcrgermeisterwahl: Unterst\u00fctzung f\u00fcr Peter D\u00f6rsam"},"content":{"rendered":"<p>Am <strong>Sonntag, dem 25. Mai 2014<\/strong> (8.00 Uhr &#8211; 18.00 Uhr) finden in der <strong>Samtgemeinde Tostedt<\/strong> neben der <em>Europawahl<\/em> auch zwei <strong>Direktwahlen<\/strong> statt. Zum einen wird der <strong>Landrat<\/strong> des Landkreises Harburg, zum anderen der <strong>Samtgemeindeb\u00fcrgermeister<\/strong> der Samtgemeinde Tostedt neu gew\u00e4hlt, da die Amtszeiten der bisherigen Amtsinhaber im Jahre 2014 ablaufen. Sofern bei den vorgenannten Direktwahlen eine <strong>Stichwahl<\/strong> erforderlich ist, findet diese am Sonntag, dem 15. Juni 2014 (8.00 Uhr &#8211; 18.00 Uhr) statt (Quelle: <a href=\"http:\/\/www.tostedt.de\/portal\/seiten\/samtgemeindebuergermeisterwahl-2014-912000334-20240.html\" target=\"_blank\">tostedt.de<\/a>)<\/p>\n<p>Neben dem Amtsinhaber, <a href=\"http:\/\/www.kreiszeitung-wochenblatt.de\/tostedt\/politik\/dirk-bostelmanns-one-man-show-d27311.html\" target=\"_blank\">Herrn Bostelmann (CDU)<\/a>, kandidiert f\u00fcr die <a href=\"http:\/\/www.kreiszeitung-wochenblatt.de\/tostedt\/politik\/buergermeisterwahl-in-tostedt-d28485.html\" target=\"_blank\">Wahl des Samtgemeindeb\u00fcrgermeisters<\/a> in Tostedt Herr <a href=\"http:\/\/www.kreiszeitung-wochenblatt.de\/tostedt\/panorama\/reinhard-riepshoff-kandidiert-in-tostedt-d26956.html\" target=\"_blank\">Reinhard Riepshoff f\u00fcr die SPD<\/a> und der Gr\u00fcnen-Politiker <a href=\"http:\/\/www.kreiszeitung-wochenblatt.de\/tostedt\/politik\/gruenen-politiker-peter-doersam-will-tostedter-buergermeister-werden-d27745.html\" target=\"_blank\">Dr. Peter D\u00f6rsam<\/a>, der als parteiloser Kandidat antritt.<\/p>\n<p>Mit meiner Familie unterst\u00fctze ich f\u00fcr diese Wahl Herrn Dr. Peter D\u00f6rsam. Um als Kandidat antreten zu k\u00f6nnen, braucht Herr D\u00f6rsam jede Menge Unterschriften. Um die n\u00f6tige Anzahl von Unterst\u00fctzern zusammenzubekommen, ist er Ende dieser Woche in Tostedt unterwegs und sammelt Unterschriften aller zur Kommunalwahl berechtigten B\u00fcrgerinnen und B\u00fcrger der Samtgemeinde Tostedt.<\/p>\n<p>Herr Dr. Peter D\u00f6rsam ist an folgenden Tagen anzutreffen:<\/p>\n<p><strong>Donnerstag, den 06.03.2014<\/strong><br \/>\nvon 18 Uhr \u2013 22 Uhr im Hotel zum Meierhof<\/p>\n<p><strong>Freitag, den 07.03.2014<\/strong><br \/>\nab 11 Uhr auf dem Wochenmarkt in Tostedt<\/p>\n<p><strong>Samstag, den 08.03.2014<\/strong><br \/>\nab 10 Uhr vor Bade<\/p>\n<p>Kommt vorbei und gebt Herrn D\u00f6rsam Eure Unterschrift, damit er am 25. Mai 2015 die Chance hat, als Samtgemeindeb\u00fcrgermeister-Kandidat anzutreten! Heute m\u00fcsste der Flyer, in dem sich Herr D\u00f6rsam kurz vorstellt, zusammen mit dem Nordheide Wochenblatt im Briefkasten zu finden sein. <\/p>\n<ul>\n<img src=\"https:\/\/www.willizblog.de\/images\/peter_doersam_tostedt.jpg\" alt=\"Dr. Peter D\u00f6rsam \u2013 Kandidat f\u00fcr das Amt des Samtgemeindeb\u00fcrgermeisters Tostedt\" title=\"Dr. Peter D\u00f6rsam \u2013 Kandidat f\u00fcr das Amt des Samtgemeindeb\u00fcrgermeisters Tostedt\" \/><\/ul>\n<p><strong>F\u00fcr einen anderen Politikstil in der Samtgemeinde Tostedt:<br \/>\nInformation, Beteiligung und offene Diskussion statt Hinterzimmerpolitik<\/strong><\/p>\n<p>Aus dem <em>Flyer<\/em>:<\/p>\n<p><strong>Was soll besser werden:<\/strong><\/p>\n<p>\u2022 Wichtigstes Ziel m\u00fcssen <strong>gute L\u00f6sungen<\/strong> f\u00fcr die Menschen in der Samtgemeinde Tostedt sein.<\/p>\n<p>\u2022 <strong>Abbau der Verschuldung<\/strong> ist wichtig, trotzdem m\u00fcssen dringende Aufgaben erledigt werden. Hierzu m\u00fcssen klare <strong>Priorit\u00e4ten gesetzt und \u00fcberfl\u00fcssige Projekte vermieden werden.<\/strong><\/p>\n<p>\u2022 Projekte wie die Verbesserung der Raumsituation <strong>der Grundschule in Todtgl\u00fcsingen<\/strong> und die <strong>Sanierung des Freibades<\/strong> d\u00fcrfen nicht auf die lange Bank geschoben werden. Flickschusterei l\u00e4sst die Kosten unn\u00f6tig explodieren.<\/p>\n<p>\u2022 Auch bei Architektenleistungen muss <strong>Wettbewerb<\/strong> erm\u00f6glicht werden, sodass auch Tostedter Firmen wieder eine realistische Chance auf Auftr\u00e4ge bekommen.<\/p>\n<p>\u2022 Die Samtgemeinde Tostedt hat <strong>f\u00e4hige Mitarbeiterinnen und Mitarbeiter<\/strong>. Meine Aufgabe als Samtgemeindeb\u00fcrgermeister wird es nicht sein, Zeit und Effizienz durch unn\u00f6tige Kontrolle zu verschwenden. Es gilt, im Team das Beste f\u00fcr die Menschen in der Samtgemeinde zu erreichen.<\/p>\n<p>\u2022 Viele Menschen engagieren sich in der Samtgemeinde in den verschiedensten Bereichen ehrenamtlich. Dies ist f\u00fcr die Samtgemeinde sehr wertvoll und sollte breite Unterst\u00fctzung finden.<\/p>\n<p><strong><a href=\"http:\/\/www.peter-doersam.de\/\" target=\"_blank\">www.peter-doersam.de<\/a><br \/>\nIch freue mich, wenn Sie meine Kandidatur mit Ihrer Unterschrift unterst\u00fctzen.<\/strong><\/p>\n<p><strong>Warum m\u00f6chte ich kandidieren?<\/strong><\/p>\n<p>Seit 32 Jahren engagiere ich mich in der Kommunalpolitik der Samtgemeinde Tostedt, hatte dieses Engagement aber  aus  beruflichen Gr\u00fcnden reduziert. Im Jahr 2010 hat mich dann die geplante <strong>Rathauserweiterung<\/strong> (Abriss auf unsere Kosten) nicht ruhen lassen, sodass ich das erfolgreiche B\u00fcrgerbegehren gegen die geplante Geldverschwendung initiiert habe. Sicherlich war ich nicht der Einzige, der gehofft hatte, dass aufgrund dieses starken Signals der B\u00fcrgerinnen und B\u00fcrger der Samtgemeinde Tostedt \u00e4hnlich unsinnige Projekte in der Zukunft unterbleiben w\u00fcrden. Leider war dem aber keinesfalls so, wie sich z. B. bei dem Bau des <strong>Kindergartens Dieckhofstra\u00dfe<\/strong> zeigte. Dieser wird an einem ungeeigneten Standort nicht bedarfsgerecht gebaut.<\/p>\n<p>Auff\u00e4llig ist, dass der Gro\u00dfteil der Bauauftr\u00e4ge mit einem Bauvolumen von ca. 20 Mio. \u20ac an ein Architektenb\u00fcro ging, oft sogar ohne Ausschreibung. Ma\u00dfgeblich verantwortlich f\u00fcr die vielen Fehlentwicklungen, welche die <strong>Verschuldung der Samtgemeinde von 2,46 Mio. im Jahr 2009 bis auf ca. 18 Mio. \u20ac ansteigen lassen werden<\/strong>, ist der jetzige Samtgemeindeb\u00fcrgermeister.<\/p>\n<p>Ich wei\u00df, dass ich es besser machen kann. Daher habe ich mich entschieden, Verantwortung zu \u00fcbernehmen und f\u00fcr das Amt des Samtgemeindeb\u00fcrgermeisters zu kandidieren.<\/p>\n<p><strong>Nachtrag:<\/strong> Lt. eigenen Angaben hat Peter D\u00f6rsam \u00fcber 400 Unterst\u00fctzungsunterschriften bekommen. Ben\u00f6tigt waren 170. Herzlichen Gl\u00fcckwunsch!<\/p>\n","protected":false},"excerpt":{"rendered":"<p>Am Sonntag, dem 25. Mai 2014 (8.00 Uhr &#8211; 18.00 Uhr) finden in der Samtgemeinde Tostedt neben der Europawahl auch zwei Direktwahlen statt. Zum einen wird der Landrat des Landkreises Harburg, zum anderen der Samtgemeindeb\u00fcrgermeister der Samtgemeinde Tostedt neu gew\u00e4hlt, da die Amtszeiten der bisherigen Amtsinhaber im Jahre 2014 ablaufen. Sofern bei den vorgenannten Direktwahlen &hellip; <a href=\"https:\/\/willizblog.de\/?p=8216\" class=\"more-link\"><span class=\"screen-reader-text\">B\u00fcrgermeisterwahl: Unterst\u00fctzung f\u00fcr Peter D\u00f6rsam<\/span> weiterlesen <span class=\"meta-nav\">&rarr;<\/span><\/a><\/p>\n","protected":false},"author":1,"featured_media":0,"comment_status":"open","ping_status":"open","sticky":false,"template":"","format":"standard","meta":[],"categories":[12,11],"tags":[],"_links":{"self":[{"href":"https:\/\/willizblog.de\/index.php?rest_route=\/wp\/v2\/posts\/8216"}],"collection":[{"href":"https:\/\/willizblog.de\/index.php?rest_route=\/wp\/v2\/posts"}],"about":[{"href":"https:\/\/willizblog.de\/index.php?rest_route=\/wp\/v2\/types\/post"}],"author":[{"embeddable":true,"href":"https:\/\/willizblog.de\/index.php?rest_route=\/wp\/v2\/users\/1"}],"replies":[{"embeddable":true,"href":"https:\/\/willizblog.de\/index.php?rest_route=%2Fwp%2Fv2%2Fcomments&post=8216"}],"version-history":[{"count":0,"href":"https:\/\/willizblog.de\/index.php?rest_route=\/wp\/v2\/posts\/8216\/revisions"}],"wp:attachment":[{"href":"https:\/\/willizblog.de\/index.php?rest_route=%2Fwp%2Fv2%2Fmedia&parent=8216"}],"wp:term":[{"taxonomy":"category","embeddable":true,"href":"https:\/\/willizblog.de\/index.php?rest_route=%2Fwp%2Fv2%2Fcategories&post=8216"},{"taxonomy":"post_tag","embeddable":true,"href":"https:\/\/willizblog.de\/index.php?rest_route=%2Fwp%2Fv2%2Ftags&post=8216"}],"curies":[{"name":"wp","href":"https:\/\/api.w.org\/{rel}","templated":true}]}}