{"id":8249,"date":"2014-03-10T10:11:35","date_gmt":"2014-03-10T09:11:35","guid":{"rendered":"http:\/\/www.willizblog.de\/?p=8249"},"modified":"2014-03-10T15:01:32","modified_gmt":"2014-03-10T14:01:32","slug":"querbeet-4-willi-hat-rucken","status":"publish","type":"post","link":"https:\/\/willizblog.de\/?p=8249","title":{"rendered":"Querbeet (4): Willi hat R\u00fccken"},"content":{"rendered":"<p>Seitdem <a href=\"https:\/\/de.wikipedia.org\/wiki\/Hape_Kerkeling#Horst_Schl.C3.A4mmer\" target=\"_blank\">Horst Schl\u00e4mmer alias Hape Kerkeling<\/a> seine sporadisch auftretenden R\u00fcckenprobleme mit \u201eIch habe R\u00fccken!\u201c kommentiert, ist dieses \u201eIch habe &#8230;!\u201c (Kreislauf, R\u00fccken, F\u00fc\u00dfe, Stei\u00df) zum gefl\u00fcgelten Wort geworden. Am Samstag nun ereilte auch mich \u201eR\u00fccken\u201c \u2013 ich komme halt ins Alter &#8230;<\/p>\n<p>Dank therapeutischer Ma\u00dfnahmen meiner Frau kann ich zwar wieder laufen, stehen, sitzen und liegen (und auch arbeiten). Aber so ganz bin ich noch nicht befreit. Der zeitweise eingeklemmte Nerv l\u00e4sst mir zwar nicht mehr vor Schmerzen den Schwei\u00df auf die Stirn treten, aber das linke Bein lahmt noch leicht. Wer mich also durch die Gegend turnen sieht (<em>\u201ehoch das Bein, die H\u00fcften kreisen &#8230;\u201c<\/em>), wird jetzt wissen, warum &#8230; (und erspart mir Eure Mitleidsbekundungen \u2013 <strong>danke!<\/strong>).<\/p>\n<p>R\u00fccken hatten am Samstagabend wenigstens die Spieler des SV Werder Bremen nicht. Auch wenn die Leistung in N\u00fcrnberg nicht die beste war, so war man zumindest \u201aeffektiv\u2019, nutze die wenigen Chancen und gewann 2:0. Da konnte es sich Aaron Hunt sogar erlauben, auf einen ihm zugesprochenen Elfer zu verzichten: Hunt wies den Schiedsrichter Gr\u00e4fe darauf hin, dass er nicht gefoult worden war und wurde am Ende f\u00fcr sein Fair Play von allen Seiten gelobt (na ja).<\/p>\n<ul><img src=\"https:\/\/www.willizblog.de\/blogpicts\/werder_sinking_ship.jpg\" alt=\"... aus den Fluten steigend: SV Werder Bremen\" title=\"... aus den Fluten steigend: SV Werder Bremen\" \/><\/ul>\n<p>Vier Mal in Folge ungeschlagen, zum dritten Mal hintereinander kein Gegentor und der zweite Dreier in Serie. Werder sammelt derzeit wichtige Punkte im Kampf um den Klassenerhalt. Zehn Spieltage vor Ende der Saison haben die Bremer so acht Punkte Abstand zum Relegationsplatz (weiterhin der HSV). Das sollte die halbe Miete f\u00fcr die n\u00e4chste Bundesligasaison sein. Aber nur nicht m\u00fcde werden, meine Jungs.<\/p>\n<p>Werder gewinnt \u2013 und der Fr\u00fchling ist definitiv ins Land gezogen (da vergesse ich sogar meinen \u201aR\u00fccken\u2019). Bis Freitag soll es sonnig und (nicht mehr ganz so) warm bleiben. Da k\u00f6nnte man sich glatt eine Auszeit g\u00f6nnen. <strong>\u00dcbrigens:<\/strong> Vor genau einem Jahr hatten wir hier im Norden <a href=\"https:\/\/www.willizblog.de\/?p=7044\" target=\"_blank\">wieder Winter<\/a>. Man wei\u00df also nie, was da noch kommen kann &#8230;<\/p>\n<p>Und gestern Abend hat Dauernuschler Schweiger als typisch einsamer Gro\u00dfstadt-Wolf wieder einmal die ganze Welt gerettet. Eine Story rund um ausl\u00e4ndische Verbrecherclans in unseren Gro\u00dfst\u00e4dten. Das gab es allerdings erst gerade als Tatort aus Bremen (<a href=\"https:\/\/www.willizblog.de\/?p=1662\" target=\"_blank\">die Bremer haben nun einmal die Nase vorn<\/a>, liebe Hamburger).<\/p>\n","protected":false},"excerpt":{"rendered":"<p>Seitdem Horst Schl\u00e4mmer alias Hape Kerkeling seine sporadisch auftretenden R\u00fcckenprobleme mit \u201eIch habe R\u00fccken!\u201c kommentiert, ist dieses \u201eIch habe &#8230;!\u201c (Kreislauf, R\u00fccken, F\u00fc\u00dfe, Stei\u00df) zum gefl\u00fcgelten Wort geworden. Am Samstag nun ereilte auch mich \u201eR\u00fccken\u201c \u2013 ich komme halt ins Alter &#8230; Dank therapeutischer Ma\u00dfnahmen meiner Frau kann ich zwar wieder laufen, stehen, sitzen und &hellip; <a href=\"https:\/\/willizblog.de\/?p=8249\" class=\"more-link\"><span class=\"screen-reader-text\">Querbeet (4): Willi hat R\u00fccken<\/span> weiterlesen <span class=\"meta-nav\">&rarr;<\/span><\/a><\/p>\n","protected":false},"author":1,"featured_media":0,"comment_status":"open","ping_status":"open","sticky":false,"template":"","format":"standard","meta":[],"categories":[16,13,27],"tags":[],"_links":{"self":[{"href":"https:\/\/willizblog.de\/index.php?rest_route=\/wp\/v2\/posts\/8249"}],"collection":[{"href":"https:\/\/willizblog.de\/index.php?rest_route=\/wp\/v2\/posts"}],"about":[{"href":"https:\/\/willizblog.de\/index.php?rest_route=\/wp\/v2\/types\/post"}],"author":[{"embeddable":true,"href":"https:\/\/willizblog.de\/index.php?rest_route=\/wp\/v2\/users\/1"}],"replies":[{"embeddable":true,"href":"https:\/\/willizblog.de\/index.php?rest_route=%2Fwp%2Fv2%2Fcomments&post=8249"}],"version-history":[{"count":0,"href":"https:\/\/willizblog.de\/index.php?rest_route=\/wp\/v2\/posts\/8249\/revisions"}],"wp:attachment":[{"href":"https:\/\/willizblog.de\/index.php?rest_route=%2Fwp%2Fv2%2Fmedia&parent=8249"}],"wp:term":[{"taxonomy":"category","embeddable":true,"href":"https:\/\/willizblog.de\/index.php?rest_route=%2Fwp%2Fv2%2Fcategories&post=8249"},{"taxonomy":"post_tag","embeddable":true,"href":"https:\/\/willizblog.de\/index.php?rest_route=%2Fwp%2Fv2%2Ftags&post=8249"}],"curies":[{"name":"wp","href":"https:\/\/api.w.org\/{rel}","templated":true}]}}