{"id":827,"date":"2007-04-27T05:02:28","date_gmt":"2007-04-27T03:02:28","guid":{"rendered":"http:\/\/www.albinz.de\/blog\/?p=827"},"modified":"2007-08-20T08:31:37","modified_gmt":"2007-08-20T06:31:37","slug":"oh-weh-werder","status":"publish","type":"post","link":"https:\/\/willizblog.de\/?p=827","title":{"rendered":"Oh weh, Werder"},"content":{"rendered":"<p>Das aggressive Pressing der Mannschaft von Espanyol Barcelona im UEFA-Cup-Halbfinale bekam der Diva aus Bremen \u00fcberhaupt nicht. Sang-, klang- und ideenlos verlor Werder Bremen in Barcelona mit 3:0 und d\u00fcrfte sich damit aus dem Wettbewerb verabschiedet haben. Wer sich als europ\u00e4ische Spitzenmannschaft sieht, muss sich mit spielerischen Mittel gegen den Druck des Gegners erwehren. Das Spiel durch die Mitte ist in diesem Fall nicht das probate Mittel. Und: Statt selbst Standardsituationen (Freist\u00f6\u00dfe, Eckb\u00e4lle) zu trainieren, sollte man in Zukunft \u00fcben, wie man sich bei solchen Konstellationen zugunsten des Gegners verh\u00e4lt.<\/p>\n<p><img src=\"https:\/\/www.albinz.net\/models\/werder_uefa_cup2007.jpg\" alt=\"Espanyol Barcelona - Werder Bremen 3:0\" \/><\/p>\n<p>Das alles verspricht nichts Gutes f\u00fcr die letzten Spiele in der Bundesliga. Daher schon jetzt herzlichen Gl\u00fcckwunsch an Schalke 04 zur deutschen Meisterschaft. Werder Bremen d\u00fcrfte bei diesem desolaten Zustand nicht mehr gef\u00e4hrlich werden, und Stuttgart darf sich als Vizemeister auf die Champions League in der n\u00e4chsten Saison freuen. Werder kann froh sein, dass auch die Bayern zz. nicht besser dastehen. F\u00fcr einen 3. Platz reicht es also gerade noch.<\/p>\n<p>Die n\u00e4chste Saison verhei\u00dft f\u00fcr den SV Werder Bremen aus heutiger Sicht nichts Gutes. Frings will nach Italien und Klose m\u00f6chte zu den Bayern gehen (oder doch noch Barcelona?). Ob das wirklich Verluste sind, wird sich erst noch zeigen. Was beide in letzter Zeit im Verein spielerisch vollbrachten, war eher mager. Trotzdem d\u00fcrfte es schwer werden, f\u00fcr beide den richtigen Ersatz zu finden. Werder also wieder im Umbruch &#8230; und im n\u00e4chsten Jahr h\u00f6chstens auf Platz 8?<\/p>\n","protected":false},"excerpt":{"rendered":"<p>Das aggressive Pressing der Mannschaft von Espanyol Barcelona im UEFA-Cup-Halbfinale bekam der Diva aus Bremen \u00fcberhaupt nicht. Sang-, klang- und ideenlos verlor Werder Bremen in Barcelona mit 3:0 und d\u00fcrfte sich damit aus dem Wettbewerb verabschiedet haben. Wer sich als europ\u00e4ische Spitzenmannschaft sieht, muss sich mit spielerischen Mittel gegen den Druck des Gegners erwehren. Das &hellip; <a href=\"https:\/\/willizblog.de\/?p=827\" class=\"more-link\"><span class=\"screen-reader-text\">Oh weh, Werder<\/span> weiterlesen <span class=\"meta-nav\">&rarr;<\/span><\/a><\/p>\n","protected":false},"author":1,"featured_media":0,"comment_status":"closed","ping_status":"closed","sticky":false,"template":"","format":"standard","meta":[],"categories":[27],"tags":[],"_links":{"self":[{"href":"https:\/\/willizblog.de\/index.php?rest_route=\/wp\/v2\/posts\/827"}],"collection":[{"href":"https:\/\/willizblog.de\/index.php?rest_route=\/wp\/v2\/posts"}],"about":[{"href":"https:\/\/willizblog.de\/index.php?rest_route=\/wp\/v2\/types\/post"}],"author":[{"embeddable":true,"href":"https:\/\/willizblog.de\/index.php?rest_route=\/wp\/v2\/users\/1"}],"replies":[{"embeddable":true,"href":"https:\/\/willizblog.de\/index.php?rest_route=%2Fwp%2Fv2%2Fcomments&post=827"}],"version-history":[{"count":0,"href":"https:\/\/willizblog.de\/index.php?rest_route=\/wp\/v2\/posts\/827\/revisions"}],"wp:attachment":[{"href":"https:\/\/willizblog.de\/index.php?rest_route=%2Fwp%2Fv2%2Fmedia&parent=827"}],"wp:term":[{"taxonomy":"category","embeddable":true,"href":"https:\/\/willizblog.de\/index.php?rest_route=%2Fwp%2Fv2%2Fcategories&post=827"},{"taxonomy":"post_tag","embeddable":true,"href":"https:\/\/willizblog.de\/index.php?rest_route=%2Fwp%2Fv2%2Ftags&post=827"}],"curies":[{"name":"wp","href":"https:\/\/api.w.org\/{rel}","templated":true}]}}