{"id":8294,"date":"2014-03-27T10:39:04","date_gmt":"2014-03-27T09:39:04","guid":{"rendered":"http:\/\/www.willizblog.de\/?p=8294"},"modified":"2014-03-27T10:40:09","modified_gmt":"2014-03-27T09:40:09","slug":"querbeet-6-morbus-alzheimer","status":"publish","type":"post","link":"https:\/\/willizblog.de\/?p=8294","title":{"rendered":"Querbeet (6): Morbus Alzheimer"},"content":{"rendered":"<p>Die Woche ist noch nicht herum. Aber es zeichnet sich ab, dass ich mir meine <a href=\"https:\/\/www.willizblog.de\/?p=8291\" target=\"_blank\">\u201aUngeduld\u2019<\/a> h\u00e4tte schenken k\u00f6nnen. Der angek\u00fcndigte Hammer (\u00dcberpr\u00fcfung der Arbeitsplatzbeschreibungen durch den <a href=\"https:\/\/de.wikipedia.org\/wiki\/Bundesrechnungshof\" target=\"_blank\">BRH<\/a>) hat sich zumindest f\u00fcr mich als harmlos erwiesen (die angek\u00fcndigten Interviews fanden nicht statt). So kann ich wieder aufatmen &#8230;<\/p>\n<p>Nun ich habe Euch nicht vergessen, auch wenn ich manchmal glaube, so langsam, aber sicher vergesslich zu werden. Aber wer kennt das eigentlich nicht: Man geht in die K\u00fcche oder in den Keller, wollte dort etwas holen oder erledigen &#8230;, steht pl\u00f6tzlich da und wei\u00df nicht mehr, was man wollte. Zwar soll es helfen, wenn man zum Ausgangspunkt (dorthin, wo man den \u201aEntschluss\u2019 gefasst hatte, etwas in K\u00fcche oder Keller zu \u201atun\u2019) zur\u00fcckkehrt. Aber auch das hilft nicht immer.<\/p>\n<p>Ja, die Vergesslichkeit. Mit zunehmendem Alter ist zu bef\u00fcrchten, dass die kleinen grauen Zellen im Gehirnskasten nach und nach verkalken. Meine Eltern haben viele Jahre lang Knoblauchpillen zu sich genommen. Aber am Ende hat das gegen Alzheimer und Demenz auch nur wenig geholfen. Meine Frau betreibt immer wieder <a href=\"http:\/\/www.kreiszeitung-wochenblatt.de\/tostedt\/service\/das-gedaechtnis-in-tostedt-trainieren-d22610.html\" target=\"_blank\">Ged\u00e4chtnistraining in der Gruppe beim Ortsverein des DRK<\/a>. Aber ob das wirklich hilft, wird sich zeigen m\u00fcssen.<\/p>\n<ul><img src=\"http:\/\/www.sackstark.info\/wp-content\/uploads\/2009\/03\/alzheimer.png\" alt=\"Morbus Alzheimer\" title=\"Morbus Alzheimer\" \/><\/ul>\n<p>Als ich in jungen Jahren in beruflicher Ausbildung war, da habe ich eines ziemlich schnell gelernt: Man muss nicht alles wissen, man muss nur wissen, wo man etwas m\u00f6glichst schnell (in Nachschlagewerken, Gesetzestexten usw.) findet. Nat\u00fcrlich muss man dann noch das Gefundene richtig interpretieren und anwenden. Heute hilft uns da besonders das Internet. Wenn ich auf der Arbeit (aber nat\u00fcrlich auch zu Hause) ein Problem habe, dann gucke ich im Internet nach \u2013 und finde dort auch in der Regel eine L\u00f6sung. Nichts gegen \u201aschlaue\u2019 B\u00fccher, aber bis man dort das Notwendige findet, dauert es meist etwas lang (oder findet es nicht). Immer wieder muss ich meine Kollegen, die mich mit Fragen l\u00f6chern, darauf hinweisen, dass sich ihre Fragen vielleicht durch eine Suche im Internet kl\u00e4ren lassen.<\/p>\n<p>Apropos Internet &#8230; und Vergesslichkeit. Ich habe zu dem Thema (klar, im Internet) recherchiert und bin dabei auf folgenden Text (Quelle: <a href=\"http:\/\/www.sackstark.info\/?p=7800\" target=\"_blank\">sackstark.info<\/a>) gesto\u00dfen, der mir durchaus plausibel erscheint und uns nachdenklich machen sollte:<\/p>\n<p><em><strong>W\u00e4chst im digitalen Zeitalter die Vergesslichkeit?<\/strong><\/em><br \/>\n<em>Korea ist ein Land, das ganz auf digitale Technik setzt. Dort hat man angeblich an j\u00fcngeren Menschen zwischen 20 und 30 Jahren beobachtet, da\u00df sie zunehmend an Verge\u00dflichkeit wegen der Informationsflut leiden, mit der sie am Arbeitsplatz und in der Freizeit konfrontiert sind. Um die Flut zu bew\u00e4ltigen, tritt das Erinnern zur\u00fcck; das Ged\u00e4chtnis wird an die Ger\u00e4te delegiert, von denen man schlie\u00dflich immer abh\u00e4ngiger werde: Man mu\u00df sich nicht mehr erinnern, wenn man nur noch suchen mu\u00df. Angeblich w\u00fcrden bereits manche S\u00fcdkoreaner \u00e4rztliche Behandlung suchen, wenn die Symptome der Verge\u00dflichkeit st\u00e4rker werden, die Mediziner die \u00abdigitale Alzheimer-Krankheit\u00bb oder \u00abdigitale Demenz\u00bb nennen.<\/em><\/p>\n<p><em><strong>Digitale Demenz durch digitale Helferlein<\/strong><\/em><br \/>\n<em>Die Telefonnummer der Freunde sind im Handy gespeichert. Den Weg zum Urlaubsziel zeigt das Navigationssystem. Der Termin f\u00fcr den Kinobesuch ist im pers\u00f6nlichen digitalen Assistenten eingetragen. Nachdenken und Ged\u00e4chtnisarbeit nehmen viele kleine digitale Helferlein ab \u2013 und sorgen damit f\u00fcr ein Problem: Wir werden verge\u00dflich.<\/em><\/p>\n<p><img src=\"https:\/\/www.willizblog.de\/images\/querbeet.jpg\" alt=\".... querbett\" title=\".... querbett\" \/><\/p>\n<p>Also schon in jungen Jahren beginnen wir, an Vergesslichkeit zu leiden. <a href=\"https:\/\/de.wikipedia.org\/wiki\/Alzheimer-Krankheit\" target=\"_blank\">Morbus Alzheimer<\/a> und <a href=\"https:\/\/de.wikipedia.org\/wiki\/Demenz\" target=\"_blank\">Demenz<\/a> in ihrer digitalen Auspr\u00e4gung als Folge nachlassender Ged\u00e4chtnisleistung. Und immer mehr werden wir mit Informationen zugesch\u00fcttet, die uns eigentlich nicht interessieren. So abgelenkt durch Datenm\u00fcll vergessen wir schnell die wesentlichen Dinge.<\/p>\n<p>Wie auch immer: Ich interpretiere mein Gehirn als eine Art Speicher wie beim Rechner der Festplatten- und Arbeitsspeicher. Die Kapazit\u00e4t ist beschr\u00e4nkt. Und mit dem Alter &#8211; Alzheimer her, Demenz hin \u2013 versagen vielleicht auch noch kleinere Speichereinheiten. Auf jeden Fall kann ich mir nicht alles merken. Und so muss ich eindeutig Priorit\u00e4ten setzen, was die Belegung dieses \u201aSpeichers\u2019 betrifft. Das gilt besonders f\u00fcr die Informationsflut, die  tagt\u00e4glich \u00fcber uns hineinst\u00fcrzt. So interessiere ich mich m\u00f6glichst nur f\u00fcr die Dinge, die mich \u201ainteressieren\u2019, und nicht f\u00fcr die, die ich f\u00fcr interessant halten soll. <\/p>\n<p>Und gegen Vergesslichkeit hilft dann vielleicht auch noch die eine oder andere verspeiste Knoblauchzehe &#8211; und hin und wieder Ged\u00e4chtnistraining.<\/p>\n","protected":false},"excerpt":{"rendered":"<p>Die Woche ist noch nicht herum. Aber es zeichnet sich ab, dass ich mir meine \u201aUngeduld\u2019 h\u00e4tte schenken k\u00f6nnen. Der angek\u00fcndigte Hammer (\u00dcberpr\u00fcfung der Arbeitsplatzbeschreibungen durch den BRH) hat sich zumindest f\u00fcr mich als harmlos erwiesen (die angek\u00fcndigten Interviews fanden nicht statt). So kann ich wieder aufatmen &#8230; Nun ich habe Euch nicht vergessen, auch &hellip; <a href=\"https:\/\/willizblog.de\/?p=8294\" class=\"more-link\"><span class=\"screen-reader-text\">Querbeet (6): Morbus Alzheimer<\/span> weiterlesen <span class=\"meta-nav\">&rarr;<\/span><\/a><\/p>\n","protected":false},"author":1,"featured_media":0,"comment_status":"open","ping_status":"open","sticky":false,"template":"","format":"standard","meta":[],"categories":[18,15],"tags":[],"_links":{"self":[{"href":"https:\/\/willizblog.de\/index.php?rest_route=\/wp\/v2\/posts\/8294"}],"collection":[{"href":"https:\/\/willizblog.de\/index.php?rest_route=\/wp\/v2\/posts"}],"about":[{"href":"https:\/\/willizblog.de\/index.php?rest_route=\/wp\/v2\/types\/post"}],"author":[{"embeddable":true,"href":"https:\/\/willizblog.de\/index.php?rest_route=\/wp\/v2\/users\/1"}],"replies":[{"embeddable":true,"href":"https:\/\/willizblog.de\/index.php?rest_route=%2Fwp%2Fv2%2Fcomments&post=8294"}],"version-history":[{"count":0,"href":"https:\/\/willizblog.de\/index.php?rest_route=\/wp\/v2\/posts\/8294\/revisions"}],"wp:attachment":[{"href":"https:\/\/willizblog.de\/index.php?rest_route=%2Fwp%2Fv2%2Fmedia&parent=8294"}],"wp:term":[{"taxonomy":"category","embeddable":true,"href":"https:\/\/willizblog.de\/index.php?rest_route=%2Fwp%2Fv2%2Fcategories&post=8294"},{"taxonomy":"post_tag","embeddable":true,"href":"https:\/\/willizblog.de\/index.php?rest_route=%2Fwp%2Fv2%2Ftags&post=8294"}],"curies":[{"name":"wp","href":"https:\/\/api.w.org\/{rel}","templated":true}]}}