{"id":8311,"date":"2014-04-04T08:57:38","date_gmt":"2014-04-04T07:57:38","guid":{"rendered":"http:\/\/www.willizblog.de\/?p=8311"},"modified":"2014-04-04T09:20:09","modified_gmt":"2014-04-04T08:20:09","slug":"kabel-deutschland-jetzt-auch-die-dritten-in-hd","status":"publish","type":"post","link":"https:\/\/willizblog.de\/?p=8311","title":{"rendered":"Kabel Deutschland: jetzt auch die Dritten in HD"},"content":{"rendered":"<p>Mit Werbung sch\u00fcttet uns <a href=\"http:\/\/www.kabeldeutschland.de\/\" target=\"_blank\">Kabel Deutschland<\/a> weiterhin voll, aber mit Informationen zu \u00c4nderungen in der Senderbelegung h\u00e4lt man sich bedeckt. Ich muss mich da nur noch einmal wiederholen. Ich kann wie geschrieben (in meinem Beitrag <a href=\"https:\/\/www.willizblog.de\/?p=7367\" target=\"_blank\">Kabel Deutschland Kopfstation Rosengarten<\/a>) den <a href=\"http:\/\/helpdesk.kdgforum.de\/wiki\/Hauptseite\" target=\"_blank\"><strong>KDG Helpdesk<\/strong><\/a> als Informationsquelle empfehlen.<\/p>\n<ul><img src=\"https:\/\/www.willizblog.de\/blogpicts\/kabel_deutschland.jpg\" alt=\"Kabel Deutschland\" title=\"Kabel Deutschland\" \/><\/ul>\n<p>Nachdem vor einem Jahr endlich auch <a href=\"https:\/\/www.willizblog.de\/?p=7244\">die Privatsender bei Kabel Deutschland unverschl\u00fcsselt<\/a> in der so genannten Grundversorgung (\u201aGrundpaket\u2019, also ohne zus\u00e4tzlichen Vertrag) zu empfangen waren, so kamen am 3. April jetzt z.B. in Niedersachsen auch <em>die dritten Programm in HD<\/em> (hr-fernsehen HD, SWR Fernsehen Rheinland-Pfalz HD, WDR Fernsehen K\u00f6ln HD, Bayerisches Fernsehen S\u00fcd HD, MDR Fernsehen Sachsen HD, NDR Fernsehen Hamburg HD, rbb Fernsehen Berlin HD) sowie 3sat HD hinzu. Daneben gibt es auch weitere neue Sender: nach RTL Nitro, Pro7 Maxx und Sat.1 Gold auch Disney Channel, <a href=\"https:\/\/de.wikipedia.org\/wiki\/ERF_1\" target=\"_blank\">ERF eins<\/a> (evangelischer Rundfunk), den allbekannten Nachrichtensender <a href=\"https:\/\/de.wikipedia.org\/wiki\/Al_Jazeera\" target=\"_blank\">Al Jazeera<\/a> (englisch), <a href=\"https:\/\/de.wikipedia.org\/wiki\/Joiz\" target=\"_blank\">joiz<\/a> und <a href=\"https:\/\/de.wikipedia.org\/wiki\/Deutsches_Musik_Fernsehen\" target=\"_blank\">Deutsches Musikfernsehen<\/a>. Alle diese Sender sind also unverschl\u00fcsselt.<\/p>\n<p>siehe u.a. <a href=\"http:\/\/helpdesk.kdgforum.de\/sendb\/belegung-181.html\" target=\"_blank\">Belegung Niedersachsen \u2013 Kopfstation Rosengarten<\/a> (mit dem Versorgungsgebiet: Apensen, Beckdorf, Bendestorf, Bliedersdorf, Buchholz in der Nordheide, Buxtehude, Dollern, Handeloh, Hanstedt in der Nordheide (Weihe), Harmstorf, Horneburg, Jesteburg, Jork, Neu Wulmstorf, Neuenkirchen im Alten Land, Nottensdorf, Otter, Rosengarten, Seevetal, <strong>Tostedt<\/strong>, Wistedt)<\/p>\n","protected":false},"excerpt":{"rendered":"<p>Mit Werbung sch\u00fcttet uns Kabel Deutschland weiterhin voll, aber mit Informationen zu \u00c4nderungen in der Senderbelegung h\u00e4lt man sich bedeckt. Ich muss mich da nur noch einmal wiederholen. Ich kann wie geschrieben (in meinem Beitrag Kabel Deutschland Kopfstation Rosengarten) den KDG Helpdesk als Informationsquelle empfehlen. Nachdem vor einem Jahr endlich auch die Privatsender bei Kabel &hellip; <a href=\"https:\/\/willizblog.de\/?p=8311\" class=\"more-link\"><span class=\"screen-reader-text\">Kabel Deutschland: jetzt auch die Dritten in HD<\/span> weiterlesen <span class=\"meta-nav\">&rarr;<\/span><\/a><\/p>\n","protected":false},"author":1,"featured_media":0,"comment_status":"open","ping_status":"open","sticky":false,"template":"","format":"standard","meta":[],"categories":[13,11],"tags":[],"_links":{"self":[{"href":"https:\/\/willizblog.de\/index.php?rest_route=\/wp\/v2\/posts\/8311"}],"collection":[{"href":"https:\/\/willizblog.de\/index.php?rest_route=\/wp\/v2\/posts"}],"about":[{"href":"https:\/\/willizblog.de\/index.php?rest_route=\/wp\/v2\/types\/post"}],"author":[{"embeddable":true,"href":"https:\/\/willizblog.de\/index.php?rest_route=\/wp\/v2\/users\/1"}],"replies":[{"embeddable":true,"href":"https:\/\/willizblog.de\/index.php?rest_route=%2Fwp%2Fv2%2Fcomments&post=8311"}],"version-history":[{"count":0,"href":"https:\/\/willizblog.de\/index.php?rest_route=\/wp\/v2\/posts\/8311\/revisions"}],"wp:attachment":[{"href":"https:\/\/willizblog.de\/index.php?rest_route=%2Fwp%2Fv2%2Fmedia&parent=8311"}],"wp:term":[{"taxonomy":"category","embeddable":true,"href":"https:\/\/willizblog.de\/index.php?rest_route=%2Fwp%2Fv2%2Fcategories&post=8311"},{"taxonomy":"post_tag","embeddable":true,"href":"https:\/\/willizblog.de\/index.php?rest_route=%2Fwp%2Fv2%2Ftags&post=8311"}],"curies":[{"name":"wp","href":"https:\/\/api.w.org\/{rel}","templated":true}]}}