{"id":8318,"date":"2014-04-24T06:38:29","date_gmt":"2014-04-24T05:38:29","guid":{"rendered":"http:\/\/www.willizblog.de\/?p=8318"},"modified":"2014-04-24T06:37:41","modified_gmt":"2014-04-24T05:37:41","slug":"meine-yamaha","status":"publish","type":"post","link":"https:\/\/willizblog.de\/?p=8318","title":{"rendered":"Meine Yamaha"},"content":{"rendered":"<p>Nein, kein <a href=\"https:\/\/de.wikipedia.org\/wiki\/Yamaha_Motor\" target=\"_blank\">Motorrad<\/a>, eine <em>Klampfe<\/em> &#8230;! Aber der Reihe nach &#8230;<\/p>\n<p>Wie manchem bekannt ist, feierte ich Anfang Februar <a href=\"https:\/\/www.willizblog.de\/?p=8123\" target=\"_blank\">meinen Geburtstag<\/a>, einen runden mit \u2019ner Sechs vorneweg (Oh, Schock, ein Schock \u2026?!). Und anl\u00e4sslich dieses Ehrentages bekam ich von meinen Lieben (Frau und zwei S\u00f6hnen) einen Gutschein <em>\u201e\u00fcber einen Tag in Hamburg \u2013 inklusive einer \u201akleinen\u2019 musikalischen \u00dcberraschung \ud83d\ude09 \u201c<\/em>.<\/p>\n<p><img src=\"https:\/\/www.willizblog.de\/images\/gutschein_hamburg_60.jpg\" alt=\"Gutschein von meinen Lieben zum 60. \u00fcber einen Tag in Hamburg \u2013 inklusive einer \u201akleinen\u2019 musikalischen \u00dcberraschung\" title=\"Gutschein von meinen Lieben zum 60. \u00fcber einen Tag in Hamburg \u2013 inklusive einer \u201akleinen\u2019 musikalischen \u00dcberraschung\" \/><\/p>\n<p>W\u00e4hrend meiner <a href=\"https:\/\/www.willizblog.de\/?p=8315\" target=\"_blank\">\u00f6sterlichen Auszeit<\/a> war es dann soweit. Heute vor einer Woche, am Gr\u00fcndonnerstag, machte ich mich mit meiner Familie nach Hamburg auf. Am Vorabend gr\u00fcbelte ich noch \u00fcber diesen Zusatz der <em>\u201e\u201akleinen\u2019 musikalischen \u00dcberraschung\u201c<\/em> und war dann doch mehr \u00fcberrascht, was da auf mich zukam.<\/p>\n<p><iframe loading=\"lazy\" width=\"540\" height=\"304\" src=\"\/\/www.youtube.com\/embed\/pK0gis-sITQ\" frameborder=\"0\" allowfullscreen><\/iframe><br \/>\nVorabend zu einem Ausflug (16.04.2014)<\/p>\n<p>Die Anreise endete erst einmal mit der <a href=\"https:\/\/de.wikipedia.org\/wiki\/U-Bahnhof_Feldstra%C3%9Fe\" target=\"_blank\">U-Bahn an der Station Feldstra\u00dfe<\/a>. Von dort ging es zu Fu\u00df weiter, eigentlich nur um die Ecke, denn beim <a href=\"https:\/\/de.wikipedia.org\/wiki\/Hamburger_Flakt%C3%BCrme#Flakturm_IV_in_St._Pauli\" target=\"_blank\">Luftschutzbunker auf dem Heiligengeistfeld<\/a> waren wir <a href=\"https:\/\/www.youtube.com\/watch?v=knjng2Yj_r4\" target=\"_blank\">am Ziel<\/a>.<\/p>\n<p>Jetzt konnte ich langsam erahnen, was auf mich zukommen sollte. Okay, so ganz sicher war ich mir noch nicht, immerhin findet sich in diesem Bunker (auch Medienbunker genannt) die <a href=\"http:\/\/www.theschool.de\/\" target=\"_blank\">Hamburg School of Music<\/a> und der Musikschuppen <a href=\"http:\/\/www.uebelundgefaehrlich.com\/\" target=\"_blank\">Uebel und Gef\u00e4hrlich<\/a>. Rein theoretisch h\u00e4tte ja die \u201emusikalische \u00dcberraschung\u201c doch ein Konzert sein k\u00f6nnen. Aber wohl doch nicht zur fr\u00fchen Nachmittagszeit, oder? Vor \u00fcber sieben Jahren war ich zuletzt hier mit meinen S\u00f6hnen. Damals besuchten wir mehrere <a href=\"https:\/\/www.willizblog.de\/?p=714\" target=\"_blank\">Musikgesch\u00e4fte<\/a>, am Schluss dann auch noch <a href=\"https:\/\/www.willizblog.de\/?p=715\" target=\"_blank\">die Reeperbahn<\/a>. In diesem Bunker <em>\u201efindet man auf \u00fcber 4500 qm einen der spektakul\u00e4rsten Musikl\u00e4den Europas. Auf zwei Stockwerken und durch zahlreiche Galerien aufgelockert, ist ein Besuch des Bunkers wie eine Abenteuerreise durch das Land des Musizierens\u201c<\/em>: <a href=\"http:\/\/www.justmusic.de\/de-de\/cms.html?Path=info\/Hamburg\" target=\"_blank\">JustMusic Hamburg<\/a>.<\/p>\n<p>Angeblich hatte ich damals gesagt (ich erinnerte mich pl\u00f6tzlich, wenn auch noch ziemlich dunkel), wenn ich sechzig werde (oder in Rente gehe?!), dann kaufe ich mir eine <a href=\"https:\/\/de.wikipedia.org\/wiki\/Ovation_%28Unternehmen%29\" target=\"_blank\">Ovation<\/a>. Die Ovation ist eine elektrisch verst\u00e4rkte Akustikgitarre und gut am \u201erunden R\u00fccken\u201c (Roundback) zu erkennen; u.a. hat <a href=\"https:\/\/www.willizblog.de\/index.php?s=armatrading\" target=\"_blank\">Joan Armatrading<\/a> in fr\u00fcheren Jahren eine Ovation gespielt.<\/p>\n<p>Also, um es kurz zu sagen, die <em>\u201emusikalische \u00dcberraschung\u201c<\/em> war die \u201aN\u00f6tigung\u2019, mir eine Gitarre kaufen zu \u201am\u00fcssen\u2019. Meine Lieben hatten gesammelt und zusammengelegt \u2013 und jetzt durfte ich mich ins Gitarrenget\u00fcmmel st\u00fcrzen, um mir eine passende Klampfe herauszusuchen. Nicht, dass es nicht zu einer Ovation gereicht h\u00e4tte. Aber nach einigem Hin und Her entschied ich mich bei aller Qual der Wahl f\u00fcr eine (rein) akustische Gitarre von <a href=\"https:\/\/de.wikipedia.org\/wiki\/Yamaha_Corporation\" target=\"_blank\">Yahama<\/a>. Also kein Motorrad, sondern eine Klampfe &#8230;<\/p>\n<table border=\"0\" cellpadding=\"2\" cellspacing=\"0\" width=\"100%\">\n<tr>\n<td width=\"50%\">\n<p align=\"center\"><img loading=\"lazy\" border=\"0\" src=\"https:\/\/www.willizblog.de\/images\/hamburg_2014_just_music_yamaha_02.jpg\" alt=\"Qual der Wahl ...\" title=\"Qual der Wahl ...\" width=\"270\" height=\"284\"><\/td>\n<td width=\"50%\">\n<p align=\"center\"><img loading=\"lazy\" border=\"0\" src=\"https:\/\/www.willizblog.de\/images\/hamburg_2014_just_music_yamaha_01.jpg\" alt=\"Willi testet ...\" title=\"Willi testet ...\" width=\"270\" height=\"284\"><\/td>\n<\/tr>\n<tr>\n<td width=\"50%\">\n<p align=\"center\"><font face=\"Lucida Grande, Lucida Sans Unicode, Verdana, sans-serif\" size=\"2\">Qual der Wahl &#8230;<\/font><\/td>\n<td width=\"50%\">\n<p align=\"center\"><font face=\"Lucida Grande, Lucida Sans Unicode, Verdana, sans-serif\" size=\"2\">Willi testet &#8230;<\/font><\/td>\n<\/tr>\n<tr>\n<td width=\"100%\" colspan=\"2\">\n<p align=\"center\"><img loading=\"lazy\" border=\"0\" src=\"https:\/\/www.willizblog.de\/images\/hamburg_2014_just_music_yamaha_03.jpg\" alt=\"Willi (scharf) mit Yamaha und S\u00f6hnen (unscharf)\" title=\"Willi (scharf) mit Yamaha und S\u00f6hnen (unscharf)\" width=\"540\" height=\"440\"><\/td>\n<\/tr>\n<tr>\n<td width=\"100%\" colspan=\"2\">\n<p align=\"center\"><font face=\"Lucida Grande, Lucida Sans Unicode, Verdana, sans-serif\" size=\"2\">Willi (scharf) mit Yamaha und S\u00f6hnen (unscharf)<\/font><\/td>\n<\/tr>\n<\/table>\n<p>Vom Bunker an der Feldstra\u00dfe gingen wir anschlie\u00dfen \u00fcber Pferdemarkt noch ins <a href=\"https:\/\/de.wikipedia.org\/wiki\/Schanzenviertel\" target=\"_blank\">Schanzenviertel<\/a>. <em>Die Schanze<\/em>, wie man auch sagt, ist ein Szeneviertel mit vielen kleinen L\u00e4den, Cafes und Restaurants \u2013 und viel Jungvolk. Hier a\u00dfen wir (versp\u00e4tet) zu Mittag (Sushi bei   <a href=\"http:\/\/www.mikawa.de\/\" target=\"_blank\">mikawa<\/a>) und g\u00f6nnten uns auch noch ein dickes (auch veganes) Eis bei <a href=\"https:\/\/www.facebook.com\/pages\/Die-Eisbande\/179085342133264\" target=\"_blank\">Eisbande<\/a> in der Bartelsstra\u00dfe. Am fr\u00fchen Abend ging es dann wieder nach Hause: Ich mit einer Gitarre auf dem R\u00fccken &#8230;<\/p>\n<p>Wer sehen und h\u00f6ren will, wie meine gekaufte Gitarre aussieht und sich anh\u00f6rt, \u00fcbrigens eine Yahama LS6 (Decke aus <a href=\"https:\/\/de.wikipedia.org\/wiki\/Engelmann-Fichte#Nutzung\" target=\"_blank\">Engelmann-Fichte<\/a>, Boden und Zargen aus <a href=\"https:\/\/de.wikipedia.org\/wiki\/Palisander#Verwendung\" target=\"_blank\">Palisander<\/a>, Hals aus <a href=\"https:\/\/de.wikipedia.org\/wiki\/Amerikanisches_Mahagoni#Verwendung_des_Holzes\" target=\"_blank\">Mahagoni<\/a> und Griffbrett aus <a href=\"https:\/\/de.wikipedia.org\/wiki\/Ebenholz#Verwendung\" target=\"_blank\">Ebenholz<\/a>), der lausche und gucke hier:<\/p>\n<p><iframe loading=\"lazy\" width=\"540\" height=\"304\" src=\"\/\/www.youtube.com\/embed\/05i_5mje1GE\" frameborder=\"0\" allowfullscreen><\/iframe><br \/>\nYamaha LS6 <a href=\"https:\/\/www.acousticguitar.com\/Gear\/Reviews\/Yamaha-LS6-Review\" target=\"_blank\">Review from \u2018Acoustic Guitar\u2019<\/a><\/p>\n","protected":false},"excerpt":{"rendered":"<p>Nein, kein Motorrad, eine Klampfe &#8230;! Aber der Reihe nach &#8230; Wie manchem bekannt ist, feierte ich Anfang Februar meinen Geburtstag, einen runden mit \u2019ner Sechs vorneweg (Oh, Schock, ein Schock \u2026?!). Und anl\u00e4sslich dieses Ehrentages bekam ich von meinen Lieben (Frau und zwei S\u00f6hnen) einen Gutschein \u201e\u00fcber einen Tag in Hamburg \u2013 inklusive einer &hellip; <a href=\"https:\/\/willizblog.de\/?p=8318\" class=\"more-link\"><span class=\"screen-reader-text\">Meine Yamaha<\/span> weiterlesen <span class=\"meta-nav\">&rarr;<\/span><\/a><\/p>\n","protected":false},"author":1,"featured_media":0,"comment_status":"open","ping_status":"open","sticky":false,"template":"","format":"standard","meta":[],"categories":[5],"tags":[],"_links":{"self":[{"href":"https:\/\/willizblog.de\/index.php?rest_route=\/wp\/v2\/posts\/8318"}],"collection":[{"href":"https:\/\/willizblog.de\/index.php?rest_route=\/wp\/v2\/posts"}],"about":[{"href":"https:\/\/willizblog.de\/index.php?rest_route=\/wp\/v2\/types\/post"}],"author":[{"embeddable":true,"href":"https:\/\/willizblog.de\/index.php?rest_route=\/wp\/v2\/users\/1"}],"replies":[{"embeddable":true,"href":"https:\/\/willizblog.de\/index.php?rest_route=%2Fwp%2Fv2%2Fcomments&post=8318"}],"version-history":[{"count":0,"href":"https:\/\/willizblog.de\/index.php?rest_route=\/wp\/v2\/posts\/8318\/revisions"}],"wp:attachment":[{"href":"https:\/\/willizblog.de\/index.php?rest_route=%2Fwp%2Fv2%2Fmedia&parent=8318"}],"wp:term":[{"taxonomy":"category","embeddable":true,"href":"https:\/\/willizblog.de\/index.php?rest_route=%2Fwp%2Fv2%2Fcategories&post=8318"},{"taxonomy":"post_tag","embeddable":true,"href":"https:\/\/willizblog.de\/index.php?rest_route=%2Fwp%2Fv2%2Ftags&post=8318"}],"curies":[{"name":"wp","href":"https:\/\/api.w.org\/{rel}","templated":true}]}}