{"id":8327,"date":"2014-04-27T06:00:38","date_gmt":"2014-04-27T05:00:38","guid":{"rendered":"http:\/\/www.willizblog.de\/?p=8327"},"modified":"2014-04-24T09:06:37","modified_gmt":"2014-04-24T08:06:37","slug":"tulpen-mit-osterhase-in-albinz-garten-april-2014","status":"publish","type":"post","link":"https:\/\/willizblog.de\/?p=8327","title":{"rendered":"Tulpen mit Osterhase in AlbinZ Garten (April 2014)"},"content":{"rendered":"<p>Alle Jahre wieder bl\u00fchen (nicht nur) in unserem Garten die Tulpen. Auch an den wenigen Rhododendronb\u00fcsche \u00f6ffnen sich in diesem Jahr schon fr\u00fchzeitig die roten und wei\u00dfen Bl\u00fcten.<\/p>\n<p>Um unseren Garten k\u00fcmmert sich meine Frau. Ich bin nur f\u00fcrs Grobe zust\u00e4ndig, z.B. f\u00fcrs Rasenm\u00e4hen oder wenn es etwas Schwereres zu schleppen gibt. Und erst am Dienstag habe ich mit unserem j\u00fcngeren Sohn die Gartenabf\u00e4lle mit dem Auto zum <a href=\"http:\/\/navigator.landkreis-harburg.de\/inhaltsverzeichnis\/details\/poi-12000187-20240-Kompostplatz_Tostedt-Todtgluesingen.html\" target=\"_blank\">Kompostplatz in Todtgl\u00fcsingen<\/a> gekarrt (haushalts\u00fcbliche Kleinmengen sind kostenlos).<\/p>\n<p>Aber nat\u00fcrlich (sic!) erfreue ich mich ebenso an der Bl\u00fctenpracht wie meine Frau. Es ist einfach sch\u00f6n zu sehen, wie alles w\u00e4chst und gedeiht. Und in diesem Jahr ist alles zwei bis drei Wochen fr\u00fcher dran, weil der Fr\u00fchling schon fr\u00fchzeitig Einzug hielt.<\/p>\n<table border=\"0\" cellpadding=\"2\" cellspacing=\"0\" width=\"100%\">\n<tr>\n<td width=\"100%\" colspan=\"2\">\n<p align=\"center\"><img loading=\"lazy\" border=\"0\" src=\"https:\/\/www.willizblog.de\/images\/blumen2014_04_01.jpg\" alt=\"Tulpen in Albinz Garten (April 2014)\" title=\"Tulpen in Albinz Garten (April 2014)\" width=\"540\" height=\"405\"><\/td>\n<\/tr>\n<tr>\n<td width=\"50%\">\n<p align=\"center\"><img loading=\"lazy\" border=\"0\" src=\"https:\/\/www.willizblog.de\/images\/blumen2014_04_02.jpg\" alt=\"Tulpen in Albinz Garten (April 2014)\" title=\"Tulpen in Albinz Garten (April 2014)\" width=\"270\" height=\"203\"><\/td>\n<td width=\"50%\">\n<p align=\"center\"><img loading=\"lazy\" border=\"0\" src=\"https:\/\/www.willizblog.de\/images\/blumen2014_04_03.jpg\" alt=\"Tulpen in Albinz Garten (April 2014)\" title=\"Tulpen in Albinz Garten (April 2014)\" width=\"270\" height=\"203\"><\/td>\n<\/tr>\n<tr>\n<td width=\"100%\" colspan=\"2\">\n<p align=\"center\"><font face=\"Lucida Grande, Lucida Sans Unicode, Verdana, sans-serif\" size=\"2\">Tulpen (und mehr) in Albinz Garten (April 2014)<\/font><\/td>\n<\/tr>\n<tr>\n<td width=\"50%\">\n<p align=\"center\"><img loading=\"lazy\" border=\"0\" src=\"https:\/\/www.willizblog.de\/images\/blumen2014_04_04.jpg\" alt=\"Tulpen in Albinz Garten (April 2014)\" title=\"Tulpen in Albinz Garten (April 2014)\" width=\"270\" height=\"360\"><\/td>\n<td width=\"50%\">\n<p align=\"center\"><img loading=\"lazy\" border=\"0\" src=\"https:\/\/www.willizblog.de\/images\/blumen2014_04_05.jpg\" alt=\"Rhododendren mit Osterhase in Albinz Garten (April 2014)\" title=\"Rhododendren mit Osterhase in Albinz Garten (April 2014)\" width=\"270\" height=\"360\"><\/td>\n<\/tr>\n<\/table>\n","protected":false},"excerpt":{"rendered":"<p>Alle Jahre wieder bl\u00fchen (nicht nur) in unserem Garten die Tulpen. Auch an den wenigen Rhododendronb\u00fcsche \u00f6ffnen sich in diesem Jahr schon fr\u00fchzeitig die roten und wei\u00dfen Bl\u00fcten. Um unseren Garten k\u00fcmmert sich meine Frau. Ich bin nur f\u00fcrs Grobe zust\u00e4ndig, z.B. f\u00fcrs Rasenm\u00e4hen oder wenn es etwas Schwereres zu schleppen gibt. Und erst am &hellip; <a href=\"https:\/\/willizblog.de\/?p=8327\" class=\"more-link\"><span class=\"screen-reader-text\">Tulpen mit Osterhase in AlbinZ Garten (April 2014)<\/span> weiterlesen <span class=\"meta-nav\">&rarr;<\/span><\/a><\/p>\n","protected":false},"author":1,"featured_media":0,"comment_status":"open","ping_status":"open","sticky":false,"template":"","format":"standard","meta":[],"categories":[16],"tags":[],"_links":{"self":[{"href":"https:\/\/willizblog.de\/index.php?rest_route=\/wp\/v2\/posts\/8327"}],"collection":[{"href":"https:\/\/willizblog.de\/index.php?rest_route=\/wp\/v2\/posts"}],"about":[{"href":"https:\/\/willizblog.de\/index.php?rest_route=\/wp\/v2\/types\/post"}],"author":[{"embeddable":true,"href":"https:\/\/willizblog.de\/index.php?rest_route=\/wp\/v2\/users\/1"}],"replies":[{"embeddable":true,"href":"https:\/\/willizblog.de\/index.php?rest_route=%2Fwp%2Fv2%2Fcomments&post=8327"}],"version-history":[{"count":0,"href":"https:\/\/willizblog.de\/index.php?rest_route=\/wp\/v2\/posts\/8327\/revisions"}],"wp:attachment":[{"href":"https:\/\/willizblog.de\/index.php?rest_route=%2Fwp%2Fv2%2Fmedia&parent=8327"}],"wp:term":[{"taxonomy":"category","embeddable":true,"href":"https:\/\/willizblog.de\/index.php?rest_route=%2Fwp%2Fv2%2Fcategories&post=8327"},{"taxonomy":"post_tag","embeddable":true,"href":"https:\/\/willizblog.de\/index.php?rest_route=%2Fwp%2Fv2%2Ftags&post=8327"}],"curies":[{"name":"wp","href":"https:\/\/api.w.org\/{rel}","templated":true}]}}