{"id":8353,"date":"2014-05-05T09:15:15","date_gmt":"2014-05-05T08:15:15","guid":{"rendered":"http:\/\/www.willizblog.de\/?p=8353"},"modified":"2014-05-05T09:15:15","modified_gmt":"2014-05-05T08:15:15","slug":"kastanienkerzengerade","status":"publish","type":"post","link":"https:\/\/willizblog.de\/?p=8353","title":{"rendered":"Kastanienkerzengerade"},"content":{"rendered":"<p>Es ist schon erstaunlich, wie schnell manche Pflanze w\u00e4chst. Irgendwann muss sich bei uns eine Kastanie (genauer: <a href=\"https:\/\/de.wikipedia.org\/wiki\/Rosskastanien\" target=\"_blank\">Rosskastanie<\/a>) selbst verpflanzt haben. So ein kleines Kastanienb\u00e4umchen hat ja etwas. Es ist sch\u00f6n anzuschauen. Aber in wenigen Jahren gedeiht so ein B\u00e4umchen zum \u201ajugendlichen\u2019 Baum. Und inzwischen ist der Kastanienbaum vor unserer Haust\u00fcr haushoch hinaufgeschossen. Jetzt im Mai bl\u00fcht \u201aunsere\u2019 Kastanie. Und bei den Bl\u00fcten spricht man auch von Kerzen, weil sich die Bl\u00fcten wie Kerzen aus dem gr\u00fcnen Laub aufrichten.<\/p>\n<table border=\"0\" cellpadding=\"2\" cellspacing=\"0\" width=\"100%\">\n<tr>\n<td width=\"50%\">\n<p align=\"center\"><img loading=\"lazy\" border=\"0\" src=\"https:\/\/www.willizblog.de\/images\/garten_kastanie_2004_05_01.jpg\" alt=\"Kastanie in AlbinZ Garten - Mai 2014\" title=\"Kastanie in AlbinZ Garten - Mai 2014\" width=\"270\" height=\"360\"><\/td>\n<td width=\"50%\">\n<p align=\"center\"><img loading=\"lazy\" border=\"0\" src=\"https:\/\/www.willizblog.de\/images\/garten_kastanie_2004_05_02.jpg\" alt=\"'Kerzen' der Kastanie in AlbinZ Garten - Mai 2014\" title=\"'Kerzen' der Kastanie in AlbinZ Garten - Mai 2014\" width=\"270\" height=\"180\"><\/td>\n<\/tr>\n<tr>\n<td width=\"100%\" colspan=\"2\">\n<p align=\"center\"><img loading=\"lazy\" border=\"0\" src=\"https:\/\/www.willizblog.de\/images\/garten_kastanie_2004_05_03.jpg\" alt=\"'Kerzen' der Kastanie in AlbinZ Garten - Mai 2014\" title=\"'Kerzen' der Kastanie in AlbinZ Garten - Mai 2014\" width=\"540\" height=\"200\"><\/td>\n<\/tr>\n<tr>\n<td width=\"100%\" colspan=\"2\">\n<p align=\"center\"><font face=\"Lucida Grande, Lucida Sans Unicode, Verdana, sans-serif\" size=\"2\">&#8218;Kerzen&#8216; der Kastanie in AlbinZ Garten &#8211; Mai 2014<\/font><\/td>\n<\/tr>\n<\/table>\n","protected":false},"excerpt":{"rendered":"<p>Es ist schon erstaunlich, wie schnell manche Pflanze w\u00e4chst. Irgendwann muss sich bei uns eine Kastanie (genauer: Rosskastanie) selbst verpflanzt haben. So ein kleines Kastanienb\u00e4umchen hat ja etwas. Es ist sch\u00f6n anzuschauen. Aber in wenigen Jahren gedeiht so ein B\u00e4umchen zum \u201ajugendlichen\u2019 Baum. Und inzwischen ist der Kastanienbaum vor unserer Haust\u00fcr haushoch hinaufgeschossen. Jetzt im &hellip; <a href=\"https:\/\/willizblog.de\/?p=8353\" class=\"more-link\"><span class=\"screen-reader-text\">Kastanienkerzengerade<\/span> weiterlesen <span class=\"meta-nav\">&rarr;<\/span><\/a><\/p>\n","protected":false},"author":1,"featured_media":0,"comment_status":"open","ping_status":"open","sticky":false,"template":"","format":"standard","meta":[],"categories":[16],"tags":[],"_links":{"self":[{"href":"https:\/\/willizblog.de\/index.php?rest_route=\/wp\/v2\/posts\/8353"}],"collection":[{"href":"https:\/\/willizblog.de\/index.php?rest_route=\/wp\/v2\/posts"}],"about":[{"href":"https:\/\/willizblog.de\/index.php?rest_route=\/wp\/v2\/types\/post"}],"author":[{"embeddable":true,"href":"https:\/\/willizblog.de\/index.php?rest_route=\/wp\/v2\/users\/1"}],"replies":[{"embeddable":true,"href":"https:\/\/willizblog.de\/index.php?rest_route=%2Fwp%2Fv2%2Fcomments&post=8353"}],"version-history":[{"count":0,"href":"https:\/\/willizblog.de\/index.php?rest_route=\/wp\/v2\/posts\/8353\/revisions"}],"wp:attachment":[{"href":"https:\/\/willizblog.de\/index.php?rest_route=%2Fwp%2Fv2%2Fmedia&parent=8353"}],"wp:term":[{"taxonomy":"category","embeddable":true,"href":"https:\/\/willizblog.de\/index.php?rest_route=%2Fwp%2Fv2%2Fcategories&post=8353"},{"taxonomy":"post_tag","embeddable":true,"href":"https:\/\/willizblog.de\/index.php?rest_route=%2Fwp%2Fv2%2Ftags&post=8353"}],"curies":[{"name":"wp","href":"https:\/\/api.w.org\/{rel}","templated":true}]}}