{"id":8374,"date":"2014-05-12T10:21:13","date_gmt":"2014-05-12T09:21:13","guid":{"rendered":"http:\/\/www.willizblog.de\/?p=8374"},"modified":"2014-05-12T10:21:13","modified_gmt":"2014-05-12T09:21:13","slug":"endspurt-fusballsaison-20132014-und-auf-zur-wm","status":"publish","type":"post","link":"https:\/\/willizblog.de\/?p=8374","title":{"rendered":"Endspurt Fu\u00dfballsaison 2013\/2014 (und auf zur WM)"},"content":{"rendered":"<p>Am Wochenende ging die 51. Fu\u00dfball-Bundesliga-Saison zu Ende. Bayern stand ja schon l\u00e4ngere Zeit als (alter und) neuer Deutscher Meister fest und wird von Borussia Dortmund und Schalke 04 in die Champions League begleitet, f\u00fcr die sich Leverkusen als 4. deutscher Teilnehmer noch qualifizieren muss. Der VfL Wolfsburg, Borussia M\u00f6nchengladbach und der 1. FSV Mainz 05 vertreten die deutschen Farben in der Europa League.<\/p>\n<p>In die 2. Liga steigen nun endg\u00fcltig der 1. FC N\u00fcrnberg und Eintracht Braunschweig ab. Daf\u00fcr spielen in der n\u00e4chsten Saison wieder der 1. FC K\u00f6ln und als Neuling in der Liga der SC Paderborn 07. Der Hamburger SV hat sich gerade noch auf den 16. und damit Relegationsplatz gerettet und spielt am Donnerstag (in Hamburg) und am Sonntag, den 18. Mai, gegen den Dritter der 2. Liga, die SpVgg Greuther F\u00fcrth, um den Verbleib in der Bundesliga. So nah stand der HSV bisher noch nie vor dem Abstieg.<\/p>\n<p>Aber nicht nur in Deutschland endeten die Liga-Spiele. In England wurde Manchester City Meister vor dem FC Liverpool, dem FC Chelsea und dem FC Arsenal London. Vorjahresmeister, Manchester United, landet nur auf Platz 7 und wird in der n\u00e4chsten Saison international nicht mehr vertreten sein. In Frankreich gibt es zwar noch einen Spieltag, aber mit Paris St. Germain als Meister und dem AS Monaco, Neuling und gleich im ersten Jahr Vizemeister, stehen die franz\u00f6sischen Teilnehmer in der Champions League bereits fest.<\/p>\n<p>Auch in Italien gibt es noch einen Spieltag. Juventus Turin ist aber bereits erneut Meister. In der Niederlande ist Ajax Amsterdam ebenfalls erneut Meister (vor Feyenoord Rotterdam \u2013 das erweckt Erinnerungen an alte Zeiten, als diese beiden Mannschaften auch in Europa zur absoluten Spitze geh\u00f6rten). Und als Schottland-Fan darf ich vermelden, dass Celtic Glasgow erneut schottischer Meister wurde (Glasgow Rangers k\u00e4mpft sich nach einem Insolvenzverfahren und der R\u00fcckstufung in die 4. Liga langsam wieder nach oben und wurde Meister der Scottish League One, der dritth\u00f6chsten Liga im Norden der britischen Insel).<\/p>\n<p>Offen ist dagegen die Primera Divisi\u00f3n in Spanien. Zwar f\u00fchrt Atletico Madrid vor dem letzten Spieltag mit drei Punkten vor dem FC Barcelona (der den spanischen Pokal, den Copa del Rey, im Endspiel gegen Real Madrid 1:2 verlor). Aber am kommenden Sonntag kommt es zu einem echten Endspiel in Barcelona eben zwischen diesen beiden Teams. Sollte der FC Bar\u00e7a gewinnen, so ziehen sie im Zielspurt doch noch an Atletico Madrid vorbei, die eine Woche darauf im Endspiel bekanntlich gegen den Lokalrivalen Real Madrid (Real ist ohne Chance auf die spanische Meisterschaft) um Europas Krone (Champions League) in Lissabon spielen. Apropos Lissabon: Benfica Lissabon spielt bereits am Mittwoch im Finale der Europa League in Turin gegen den FC Sevilla.<\/p>\n<p>Neben den Relegationsspielen zur Bundesliga und 2. Liga ist nur noch das DFB-Pokal-Finale am Samstag (17. Mai) zwischen Meister Bayern M\u00fcnchen und Vizemeister Borussia Dortmund offen. Dann beginnt endg\u00fcltig die Vorbereitung auf die<a href=\"https:\/\/de.wikipedia.org\/wiki\/Fu%C3%9Fball-Weltmeisterschaft_2014\" target=\"_blank\"> Fu\u00dfball-Weltmeisterschaft<\/a> von 12. Juni bis zum 13. Juli 2014 in Brasilien.<\/p>\n<p><img src=\"http:\/\/upload.wikimedia.org\/wikipedia\/de\/thumb\/1\/18\/WM-2014-Brasilien.svg\/220px-WM-2014-Brasilien.svg.png\" alt=\"FIFA-Fu\u00dfball-Weltmeisterschaft 2014 in Brasilien\" title=\"FIFA-Fu\u00dfball-Weltmeisterschaft 2014 in Brasilien\" \/><\/p>\n<p>Letzten Freitag gab ja Bundestrainer Joachim L\u00f6w der vorl\u00e4ufige, 30-k\u00f6pfige Aufgebot der deutschen Mannschaft bekannt, von dem aber noch sieben Namen gestrichen werden m\u00fcssen, denn L\u00f6w muss am 2. Juni dem Weltverband FIFA seinen endg\u00fcltigen 23-Mann-Kader melden. Hier die 30 genannten Spieler:<\/p>\n<p><strong>Tor (3):<\/strong> Manuel Neuer (FC Bayern M\u00fcnchen), Roman Weidenfeller (Borussia Dortmund), Ron-Robert Zieler (Hannover 96)<\/p>\n<p><strong>Abwehr (11):<\/strong> J\u00e9r\u00f4me Boateng, Philipp Lahm (beide FC Bayern M\u00fcnchen), Erik Durm, Kevin Gro\u00dfkreutz, Mats Hummels, Marcel Schmelzer (alle Borussia Dortmund), Matthias Ginter (SC Freiburg), Benedikt H\u00f6wedes (Schalke 04), Marcell Jansen (Hamburger SV), Per Mertesacker (FC Arsenal), Shkodran Mustafi (Sampdoria Genua)<\/p>\n<p><strong>Mittelfeld (14):<\/strong> Lars Bender (Bayer Leverkusen), Julian Draxler, Leon Goretzka, Max Meyer (alle Schalke 04), Mario G\u00f6tze, Toni Kroos, Thomas M\u00fcller, Bastian Schweinsteiger (alle FC Bayern M\u00fcnchen), Andr\u00e9 Hahn (FC Augsburg), Sami Khedira (Real Madrid), Mesut \u00d6zil, Lukas Podolski (beide FC Arsenal), Marco Reus (Borussia Dortmund), Andr\u00e9 Sch\u00fcrrle (FC Chelsea)<\/p>\n<p><strong>Angriff (2):<\/strong> Miroslav Klose (Lazio Rom), Kevin Volland (1899 Hoffenheim).<\/p>\n<p>Erstmals \u00fcberhaupt nominiert f\u00fcr das A-Team wurden der Dortmunder Au\u00dfenverteidiger Erik Durm, die Schalker Mittelfeldspieler Max Meyer und Leon Goretzka sowie der Hoffenheimer Angreifer Kevin Volland. Ohne L\u00e4nderspielerfahrung sind zudem der Augsburger Offensivspieler Andr\u00e9 Hahn und Verteidiger Shkodran Mustafi von Sampdoria Genua.<\/p>\n<p>Nicht dabei: Max Kruse, ter Stegen, Gomez, Adler, Sidney Sam, Westermann und Sven Bender.<\/p>\n<p>Sicherlich hat Joachim L\u00f6w f\u00fcr einige \u00dcberraschungen mit seiner Nominierung gesorgt, z.B. h\u00e4tten sich viele statt Zieler eher Bernd Leno (Leverkusen) als 3. Torh\u00fcter gew\u00fcnscht. Von den neuen Namen (von Durm bis Volland) werden aber sicherlich noch einige gestrichen werden. Dass L\u00f6w zwar auf Sami Khedira, nicht aber auf Mario Gomez setzt, verwundert dann aber schon nicht mehr, obwohl neben Volland nur noch der 35-j\u00e4hrige Miroslav Klose als echte St\u00fcrmer benannt wurde. Der Mangel an St\u00fcrmern, so denke nicht nur ich, wird sicherlich aus dem Mittelfeld kompensiert werden m\u00fcssen (G\u00f6tze, Reus, Sch\u00fcrrle, auch Podolski).<\/p>\n<p>Nun, heute in einem Monat geht es also los. Die deutsche Mannschaft nimmt in <a href=\"https:\/\/de.wikipedia.org\/wiki\/Fu%C3%9Fball-Weltmeisterschaft_2014\/Gruppe_G\" target=\"_blank\">Gruppe G<\/a> am Montag, den 16. Juni, mit dem Spiel gegen Portugal (Beginn 18 Uhr MESZ) in Salvador den Spielbetrieb auf. Sicherlich z\u00e4hlt die deutsche Mannschaft zu den Favoriten. Aber so ein Turnier, besonders unten diesen klimatischen Verh\u00e4ltnissen, b\u00fcrgt mit Sicherheit manche \u00dcberraschung.<\/p>\n<p>Siehe auch: <a href=\"http:\/\/www.fussballdaten.de\/bundesliga\/ewigetabelle\/\" target=\"_blank\">Ewige Tabelle nach 51. Jahren Bundesliga<\/a><\/p>\n","protected":false},"excerpt":{"rendered":"<p>Am Wochenende ging die 51. Fu\u00dfball-Bundesliga-Saison zu Ende. Bayern stand ja schon l\u00e4ngere Zeit als (alter und) neuer Deutscher Meister fest und wird von Borussia Dortmund und Schalke 04 in die Champions League begleitet, f\u00fcr die sich Leverkusen als 4. deutscher Teilnehmer noch qualifizieren muss. Der VfL Wolfsburg, Borussia M\u00f6nchengladbach und der 1. FSV Mainz &hellip; <a href=\"https:\/\/willizblog.de\/?p=8374\" class=\"more-link\"><span class=\"screen-reader-text\">Endspurt Fu\u00dfballsaison 2013\/2014 (und auf zur WM)<\/span> weiterlesen <span class=\"meta-nav\">&rarr;<\/span><\/a><\/p>\n","protected":false},"author":1,"featured_media":0,"comment_status":"open","ping_status":"open","sticky":false,"template":"","format":"standard","meta":[],"categories":[39],"tags":[],"_links":{"self":[{"href":"https:\/\/willizblog.de\/index.php?rest_route=\/wp\/v2\/posts\/8374"}],"collection":[{"href":"https:\/\/willizblog.de\/index.php?rest_route=\/wp\/v2\/posts"}],"about":[{"href":"https:\/\/willizblog.de\/index.php?rest_route=\/wp\/v2\/types\/post"}],"author":[{"embeddable":true,"href":"https:\/\/willizblog.de\/index.php?rest_route=\/wp\/v2\/users\/1"}],"replies":[{"embeddable":true,"href":"https:\/\/willizblog.de\/index.php?rest_route=%2Fwp%2Fv2%2Fcomments&post=8374"}],"version-history":[{"count":0,"href":"https:\/\/willizblog.de\/index.php?rest_route=\/wp\/v2\/posts\/8374\/revisions"}],"wp:attachment":[{"href":"https:\/\/willizblog.de\/index.php?rest_route=%2Fwp%2Fv2%2Fmedia&parent=8374"}],"wp:term":[{"taxonomy":"category","embeddable":true,"href":"https:\/\/willizblog.de\/index.php?rest_route=%2Fwp%2Fv2%2Fcategories&post=8374"},{"taxonomy":"post_tag","embeddable":true,"href":"https:\/\/willizblog.de\/index.php?rest_route=%2Fwp%2Fv2%2Ftags&post=8374"}],"curies":[{"name":"wp","href":"https:\/\/api.w.org\/{rel}","templated":true}]}}