{"id":8385,"date":"2014-05-15T06:25:13","date_gmt":"2014-05-15T05:25:13","guid":{"rendered":"http:\/\/www.willizblog.de\/?p=8385"},"modified":"2014-05-15T06:26:01","modified_gmt":"2014-05-15T05:26:01","slug":"die-kalte-sophie","status":"publish","type":"post","link":"https:\/\/willizblog.de\/?p=8385","title":{"rendered":"Die kalte Sophie"},"content":{"rendered":"<p>Mit den alten, teilweise sehr alten <a href=\"https:\/\/de.wikipedia.org\/wiki\/Bauernregel\" target=\"_blank\">Bauernregeln<\/a> hat es so etwas. Kann man ihnen wirklich \u00fcber dem Weg trauen? Nun, Bauernregeln sind meist in Reimform gefasste alte Volksspr\u00fcche \u00fcber das Wetter und die Folgen f\u00fcr die Landwirtschaft. Und das Wetter ist auch heute immer noch ein beliebtes Thema (sp\u00e4testens dann, wenn einem kein besseres Thema einf\u00e4llt). <\/p>\n<p>Ein Problem vieler dieser Bauernregeln ist es, dass sie sich auf den <a href=\"https:\/\/de.wikipedia.org\/wiki\/Julianischer_Kalender\" target=\"_blank\">Julianische Kalender<\/a> beziehen, der z.B. noch das orthodoxe Weihnachtsfest festlegt. So hat die Einf\u00fchrung des <a href=\"https:\/\/de.wikipedia.org\/wiki\/Gregorianischer_Kalender\" target=\"_blank\">Gregorianischen Kalenders<\/a> viele alte Bauernregeln \u201eaus dem Tritt gebracht\u201c (die Versp\u00e4tung des Kalenders gegen\u00fcber den Jahreszeiten, z.B. dem Fr\u00fchlingsanfang, wurde <em>1582<\/em> durch Auslassen von 10 Kalenderdaten &#8211; <em>auf Donnerstag, den 4. Oktober, folgte Freitag, der 15. Oktober<\/em> &#8211; korrigiert). Ber\u00fccksichtige man das jedoch, seien viele regionale Regeln von erstaunlicher Zuverl\u00e4ssigkeit.<\/p>\n<p>Viele dieser Bauernregeln kreisen um die so genannten <a href=\"https:\/\/de.wikipedia.org\/wiki\/Eisheilige\" target=\"_blank\">Eisheiligen<\/a>, auch gestrenge Herren genannt, da sp\u00e4testens nach den Gedenktagen f\u00fcr diese <a href=\"https:\/\/de.wikipedia.org\/wiki\/Wetterheiliger\" target=\"_blank\">Wetterheiligen<\/a> &#8211; sie waren Bisch\u00f6fe und M\u00e4rtyrer im 4.  oder 5. Jahrhundert \u2013 der Fr\u00fchling sich vollst\u00e4ndig durchsetzen soll. So wird das milde Fr\u00fchlingswetter erst mit Ablauf der \u201ekalten Sophie\u201c stabil. Zuvor ist immer noch mit Nachtfr\u00f6sten zu rechnen.<\/p>\n<p>Die Eisheiligen und ihre Gedenktage sind die folgenden:<br \/>\n1.\t<em>Mamertus<\/em>, Bischof von Vienne \u2013 11. Mai<br \/>\n2.\t<em>Pankratius<\/em>, fr\u00fchchristlicher M\u00e4rtyrer \u2013 12. Mai<br \/>\n3.\t<em>Servatius<\/em>, Bischof von Tongeren \u2013 13. Mai<br \/>\n4.\t<em>Bonifatius<\/em>, fr\u00fchchristlicher M\u00e4rtyrer \u2013 14. Mai<br \/>\n5.\t<em>Sophia<\/em>, fr\u00fchchristliche M\u00e4rtyrin und Mutter dreier geweihter Jungfrauen \u2013 15. Mai<\/p>\n<ul><img src=\"https:\/\/www.willizblog.de\/images\/eisheilige_alle5.jpg\" alt=\"Eisheilige: Mamertus \u2013 Pankratius \u2013 Servatius \u2013 Bonifatius und die \u201akalte\u2019 Sophia\" title=\"Eisheilige: Mamertus \u2013 Pankratius \u2013 Servatius \u2013 Bonifatius und die \u201akalte\u2019 Sophia\" \/><\/ul>\n<p>Heute ist also der Tag der \u201ekalten\u2019 <a href=\"https:\/\/de.wikipedia.org\/wiki\/Sophia_von_Rom\" target=\"_blank\">Sophie<\/a>. Allerdings gilt das oben Gesagte: Die Eisheiligen sind (wie alle anderen Heiligen auch) im Kalender ohne Datumsanpassung stehengeblieben; nach neuem Kalender finden sie elf bis zw\u00f6lf Tage sp\u00e4ter statt, also vom 23. Mai bis 27. Mai. Wetterstatistisch sind die Tage mit h\u00e4ufiger Nord-\/Nordost-Wetterlage vom 21. Mai bis 23. Mai, also neun Tage sp\u00e4ter. W\u00e4hrend dieser Wetterlage str\u00f6mt Kaltluft von Nord oder Nordost.<\/p>\n<p>Also m\u00fcssen wir eigentlich noch gut eine Woche warten, bis wir davon ausgehen k\u00f6nnen, dass <em>\u201eVor Nachtfrost du nie sicher bist, bis Sophie vor\u00fcber ist\u201c<\/em>, d.h. Sophie plus 10.<\/p>\n","protected":false},"excerpt":{"rendered":"<p>Mit den alten, teilweise sehr alten Bauernregeln hat es so etwas. Kann man ihnen wirklich \u00fcber dem Weg trauen? Nun, Bauernregeln sind meist in Reimform gefasste alte Volksspr\u00fcche \u00fcber das Wetter und die Folgen f\u00fcr die Landwirtschaft. Und das Wetter ist auch heute immer noch ein beliebtes Thema (sp\u00e4testens dann, wenn einem kein besseres Thema &hellip; <a href=\"https:\/\/willizblog.de\/?p=8385\" class=\"more-link\"><span class=\"screen-reader-text\">Die kalte Sophie<\/span> weiterlesen <span class=\"meta-nav\">&rarr;<\/span><\/a><\/p>\n","protected":false},"author":1,"featured_media":0,"comment_status":"open","ping_status":"open","sticky":false,"template":"","format":"standard","meta":[],"categories":[16],"tags":[],"_links":{"self":[{"href":"https:\/\/willizblog.de\/index.php?rest_route=\/wp\/v2\/posts\/8385"}],"collection":[{"href":"https:\/\/willizblog.de\/index.php?rest_route=\/wp\/v2\/posts"}],"about":[{"href":"https:\/\/willizblog.de\/index.php?rest_route=\/wp\/v2\/types\/post"}],"author":[{"embeddable":true,"href":"https:\/\/willizblog.de\/index.php?rest_route=\/wp\/v2\/users\/1"}],"replies":[{"embeddable":true,"href":"https:\/\/willizblog.de\/index.php?rest_route=%2Fwp%2Fv2%2Fcomments&post=8385"}],"version-history":[{"count":0,"href":"https:\/\/willizblog.de\/index.php?rest_route=\/wp\/v2\/posts\/8385\/revisions"}],"wp:attachment":[{"href":"https:\/\/willizblog.de\/index.php?rest_route=%2Fwp%2Fv2%2Fmedia&parent=8385"}],"wp:term":[{"taxonomy":"category","embeddable":true,"href":"https:\/\/willizblog.de\/index.php?rest_route=%2Fwp%2Fv2%2Fcategories&post=8385"},{"taxonomy":"post_tag","embeddable":true,"href":"https:\/\/willizblog.de\/index.php?rest_route=%2Fwp%2Fv2%2Ftags&post=8385"}],"curies":[{"name":"wp","href":"https:\/\/api.w.org\/{rel}","templated":true}]}}