{"id":8397,"date":"2014-05-19T08:38:57","date_gmt":"2014-05-19T07:38:57","guid":{"rendered":"http:\/\/www.willizblog.de\/?p=8397"},"modified":"2014-05-19T08:38:57","modified_gmt":"2014-05-19T07:38:57","slug":"zum-klassenerhalt-gezittert","status":"publish","type":"post","link":"https:\/\/willizblog.de\/?p=8397","title":{"rendered":"Zum Klassenerhalt gezittert"},"content":{"rendered":"<p>F\u00fcr die abgelaufene Saison hatte sich der Hamburger SV einiges vorgenommen. Mindestens die Qualifikation zur Europa League wollte man erreichen. Am Ende zitterte sich der HSV als Tabellensechzehnter gerade noch so zum Klassenerhalt in der Relegation gegen den Tabellendritten der 2. Liga, Greuther F\u00fcrth, mit dem knappsten, engsten nur denkbaren Ergebnis (0:0 zu Hause, 1:1 in F\u00fcrth \u2013 bei Punkte- und Torgleichheit z\u00e4hlen <em>ausw\u00e4rts<\/em> geschossene Tore doppelt). Kein Sieg gegen die F\u00fcrther \u2013 und doch gewonnen. Mehr Gl\u00fcck als Leistung &#8230;<\/p>\n<p>Die Bayern \u00fcberraschten mit neuer Taktik im DFB-Pokalfinale gegen Borussia Dortmund Am Samstagabend. Pep Guardiola lie\u00df ein 3-4-2-1 spielen \u2013 mit Arjen Robben als Spitze, also mit nur drei Abwehrspielern, daf\u00fcr mit einem \u00dcbergewicht im Mittelfeld. Und seine Risikobereitschaft wurde am Ende belohnt: Die Bayern gewannen nach der Meisterschaft auch den Pokal in der Verl\u00e4ngerung mit 2:0. Allerdings spielte das Gl\u00fcck auch diesmal wieder den Bayern in die Karten. Ein regul\u00e4rer Treffen der Dortmunder durch Mats Hummels in der regul\u00e4ren Spielzeit wurde nicht anerkannt: Dante (Bayern M\u00fcnchen) hatte den Ball parallel zum Tor gek\u00f6pft. So stand Hummels nicht im Abseits, als dieser den Ball aufs Tor ebenfalls mit dem Kopf spielte. Dante eilte Richtung Torlinie und schlug den Ball wieder ins Spielfeld \u2013 allerdings kl\u00e4rte er den Ball ganz offensichtlich erst <em>hinter<\/em> der Torlinie.<\/p>\n<p>Der FC Barcelona geht dieses Jahr ohne Titel aus. Im \u201eEndspiel\u201c am Samstag zu Hause gegen Atletico Madrid h\u00e4tten die Katalanen gewinnen m\u00fcssen, um noch an den Madrilenen vorbeizuziehen. So wurde Atletico Madrid nach dem 1:1 Meister und steht bekanntlich gegen den Lokalrivalen Real Madrid im Finale der Champions League. Bereits im Viertelfinale scheiterte Barcelona an Atletico \u2013 und im spanischen Pokal, dem Copa del Rey, an Real.<\/p>\n<p><img src=\"http:\/\/upload.wikimedia.org\/wikipedia\/de\/thumb\/1\/18\/WM-2014-Brasilien.svg\/220px-WM-2014-Brasilien.svg.png\" alt=\"FIFA-Fu\u00dfball-Weltmeisterschaft 2014 in Brasilien\" title=\"FIFA-Fu\u00dfball-Weltmeisterschaft 2014 in Brasilien\" \/><\/p>\n<p>Bevor die deutsche Nationalmannschaft zur Fu\u00dfball-WM nach Brasilien reist, gibt es noch zwei L\u00e4nderspiele am Sonntag, den 01.06., gegen Kamerun und am Freitag, den 06.06., gegen Armenien. Die WM in Brasilien steht unter keinem guten Zeichen. Weiterhin gibt es <a href=\"http:\/\/www.spiegel.de\/politik\/ausland\/wm-in-brasilien-in-sao-paulo-geht-polizei-gegen-randalierer-vor-a-969737.html\" target=\"_blank\">Proteste im Land<\/a>. Die Demonstranten werfen der Regierung vor, viel Geld in Prestigeprojekte wie die WM zu stecken und notwendige Ausgaben f\u00fcr Bildung und Gesundheit sowie die Infrastruktur zu vernachl\u00e4ssigen. <\/p>\n<p>Inzwischen <a href=\"http:\/\/www.fr-online.de\/qualifikation-wm-2014\/wm-katar-blatter-uebt-selbstkritik,17059760,27145826.html\" target=\"_blank\">r\u00e4umt FIFA-Pr\u00e4sident Joseph S. Blatter ein<\/a>, dass die WM-Vergabe an Katar f\u00fcr 2022 <em>&#8222;sicher ein Fehler&#8220;<\/em> gewesen sei &#8211; und deutet politische Einflussnahme aus Deutschland und Frankreich bei der umstrittenen Entscheidung an (da kommt <a href=\"http:\/\/www.spiegel.de\/wirtschaft\/unternehmen\/deutsche-bank-scheich-von-katar-kauft-aktien-a-970111.html\" target=\"_blank\">die folgende Meldung<\/a> gerade recht: <em>&#8218;Die Deutsche Bank will acht Milliarden Euro bei Investoren einsammeln, um sich gegen Krisen zu wappnen. Ein Gro\u00dfteil des Geldes soll vom Herrscherhaus des Emirats Katar kommen. Ein Scheich w\u00fcrde damit zum gr\u00f6\u00dften Aktion\u00e4r des Geldkonzerns werden.&#8216;<\/em>). M\u00f6gliche Bestechung durch das Emirat an die stimmberechtigten Mitglieder des FIFA-Exekutivkomitees im Dezember 2010 wollte Blatter nicht kommentieren: <em>\u00abNein, nein, das habe ich nie gesagt.\u00bb<\/em><\/p>\n","protected":false},"excerpt":{"rendered":"<p>F\u00fcr die abgelaufene Saison hatte sich der Hamburger SV einiges vorgenommen. Mindestens die Qualifikation zur Europa League wollte man erreichen. Am Ende zitterte sich der HSV als Tabellensechzehnter gerade noch so zum Klassenerhalt in der Relegation gegen den Tabellendritten der 2. Liga, Greuther F\u00fcrth, mit dem knappsten, engsten nur denkbaren Ergebnis (0:0 zu Hause, 1:1 &hellip; <a href=\"https:\/\/willizblog.de\/?p=8397\" class=\"more-link\"><span class=\"screen-reader-text\">Zum Klassenerhalt gezittert<\/span> weiterlesen <span class=\"meta-nav\">&rarr;<\/span><\/a><\/p>\n","protected":false},"author":1,"featured_media":0,"comment_status":"open","ping_status":"open","sticky":false,"template":"","format":"standard","meta":[],"categories":[39],"tags":[],"_links":{"self":[{"href":"https:\/\/willizblog.de\/index.php?rest_route=\/wp\/v2\/posts\/8397"}],"collection":[{"href":"https:\/\/willizblog.de\/index.php?rest_route=\/wp\/v2\/posts"}],"about":[{"href":"https:\/\/willizblog.de\/index.php?rest_route=\/wp\/v2\/types\/post"}],"author":[{"embeddable":true,"href":"https:\/\/willizblog.de\/index.php?rest_route=\/wp\/v2\/users\/1"}],"replies":[{"embeddable":true,"href":"https:\/\/willizblog.de\/index.php?rest_route=%2Fwp%2Fv2%2Fcomments&post=8397"}],"version-history":[{"count":0,"href":"https:\/\/willizblog.de\/index.php?rest_route=\/wp\/v2\/posts\/8397\/revisions"}],"wp:attachment":[{"href":"https:\/\/willizblog.de\/index.php?rest_route=%2Fwp%2Fv2%2Fmedia&parent=8397"}],"wp:term":[{"taxonomy":"category","embeddable":true,"href":"https:\/\/willizblog.de\/index.php?rest_route=%2Fwp%2Fv2%2Fcategories&post=8397"},{"taxonomy":"post_tag","embeddable":true,"href":"https:\/\/willizblog.de\/index.php?rest_route=%2Fwp%2Fv2%2Ftags&post=8397"}],"curies":[{"name":"wp","href":"https:\/\/api.w.org\/{rel}","templated":true}]}}