{"id":84,"date":"2005-03-21T12:00:00","date_gmt":"2005-03-21T11:00:00","guid":{"rendered":"http:\/\/www.albinz.de\/blog\/?p=84"},"modified":"2005-10-20T11:22:48","modified_gmt":"2005-10-20T09:22:48","slug":"heide-ratlos-gerhard-betrubt","status":"publish","type":"post","link":"https:\/\/willizblog.de\/?p=84","title":{"rendered":"Heide ratlos &#8211; Gerhard betr\u00fcbt"},"content":{"rendered":"<p>Das feiste Grinsen von Herrn Carstensen, CDU, kann man verstehen. Genauso gut die versteinerte Miene von Heide Simonis (Das war &#8217;s dann wohl). Und die Wut der Gr\u00fcnen und des SSW \u00fcber den Abweichler der SPD. Patt am Watt nannte das jemand, die Ministerpr\u00e4sidentenwahl in Schleswig-Holstein. Und unser Bundeskanzler ist betr\u00fcbt (wie so oft schon). Jetzt riecht alles nach einer gro\u00dfen Koalition in Kiel. Und da &#8222;Schleswig-Holstein f\u00fcr die notwendigen Reformen schon genug Zeit verloren&#8220; habe, so O-Ton Carstensen in der &#8222;Bild&#8220;-Zeitung, wo auch sonst, stellt er der SPD ein Ultimatum zur Bildung einer gro\u00dfen Koalition: &#8222;Die Gespr\u00e4che m\u00fcssen sp\u00e4testens am Donnerstag beginnen und im April abgeschlossen sein&#8220;. Und was sonst?<\/p>\n<p>Nat\u00fcrlich sieht sich Carstensen nach dem Wahldebakel jetzt in einer gest\u00e4rkten Position. Da wird man der SPD schon diktieren, wie und wo es langgeht.<\/p>\n<p>Okay, die CDU ist st\u00e4rkste Fraktion. Und die Spielregeln wollen es so, dass die st\u00e4rkste Fraktion dann auch den Ministerpr\u00e4sidenten stellt. Aber verkennt der gute Mann da die Situation nicht etwas? Schon ein Ultimatum passt etwas schlecht in die politische Landschaft. Ein Koalitonsvertrag wird sich aber nur abschlie\u00dfen lassen, wenn alle Partner gleichberechtigt verhandeln. Ansonsten wird es nichts werden.<\/p>\n","protected":false},"excerpt":{"rendered":"<p>Das feiste Grinsen von Herrn Carstensen, CDU, kann man verstehen. Genauso gut die versteinerte Miene von Heide Simonis (Das war &#8217;s dann wohl). Und die Wut der Gr\u00fcnen und des SSW \u00fcber den Abweichler der SPD. Patt am Watt nannte das jemand, die Ministerpr\u00e4sidentenwahl in Schleswig-Holstein. Und unser Bundeskanzler ist betr\u00fcbt (wie so oft schon). &hellip; <a href=\"https:\/\/willizblog.de\/?p=84\" class=\"more-link\"><span class=\"screen-reader-text\">Heide ratlos &#8211; Gerhard betr\u00fcbt<\/span> weiterlesen <span class=\"meta-nav\">&rarr;<\/span><\/a><\/p>\n","protected":false},"author":1,"featured_media":0,"comment_status":"closed","ping_status":"closed","sticky":false,"template":"","format":"standard","meta":[],"categories":[12],"tags":[],"_links":{"self":[{"href":"https:\/\/willizblog.de\/index.php?rest_route=\/wp\/v2\/posts\/84"}],"collection":[{"href":"https:\/\/willizblog.de\/index.php?rest_route=\/wp\/v2\/posts"}],"about":[{"href":"https:\/\/willizblog.de\/index.php?rest_route=\/wp\/v2\/types\/post"}],"author":[{"embeddable":true,"href":"https:\/\/willizblog.de\/index.php?rest_route=\/wp\/v2\/users\/1"}],"replies":[{"embeddable":true,"href":"https:\/\/willizblog.de\/index.php?rest_route=%2Fwp%2Fv2%2Fcomments&post=84"}],"version-history":[{"count":0,"href":"https:\/\/willizblog.de\/index.php?rest_route=\/wp\/v2\/posts\/84\/revisions"}],"wp:attachment":[{"href":"https:\/\/willizblog.de\/index.php?rest_route=%2Fwp%2Fv2%2Fmedia&parent=84"}],"wp:term":[{"taxonomy":"category","embeddable":true,"href":"https:\/\/willizblog.de\/index.php?rest_route=%2Fwp%2Fv2%2Fcategories&post=84"},{"taxonomy":"post_tag","embeddable":true,"href":"https:\/\/willizblog.de\/index.php?rest_route=%2Fwp%2Fv2%2Ftags&post=84"}],"curies":[{"name":"wp","href":"https:\/\/api.w.org\/{rel}","templated":true}]}}