{"id":841,"date":"2007-05-12T01:49:51","date_gmt":"2007-05-11T23:49:51","guid":{"rendered":"http:\/\/www.albinz.de\/blog\/?p=841"},"modified":"2007-05-10T12:57:11","modified_gmt":"2007-05-10T10:57:11","slug":"heimsuchung-in-heiligendamm","status":"publish","type":"post","link":"https:\/\/willizblog.de\/?p=841","title":{"rendered":"Heimsuchung in Heiligendamm"},"content":{"rendered":"<p>Nun beehrt auch uns die politische Elite der sieben f\u00fchrenden Industriel\u00e4nder samt Russland vom 6. bis 8. Juni und sucht als G8-Gipfel das mecklenburgische Heiligendamm heim. Damit die Damen und Herren in Ruhe tagen k\u00f6nnen, wurde ein 2,50 Meter hoher und 13 Kilometer langer Zaun rund um die Ortschaft Heiligendamm errichtet. Kosten allein dieses Spa\u00dfes: 10 bis 15 Millionen Euro. Mit dieser &#8222;technischen Sperre&#8220;, wie die Absperrung rund um Heiligendamm offiziell und besch\u00f6nigend hei\u00dft, sollen die Besucher des G8-Gipfels 2007 gesch\u00fctzt werden. Vor wem? Denn: &#8222;Der Zaun als solcher richtet sich nicht gegen Demonstranten&#8220;, verk\u00fcndet der G8-Planungsstab.<\/p>\n<table border=\"0\" cellspacing=\"0\" width=\"100%\" cellpadding=\"5\">\n<tr>\n<td width=\"100%\" colspan=\"2\" align=\"center\"><img loading=\"lazy\" border=\"0\" src=\"https:\/\/www.albinz.net\/models\/skizze_heiligendamm.jpg\" alt=\"Planskizze Zaunanlage in Heiligendamm\" width=\"480\" height=\"316\"><\/td>\n<\/tr>\n<tr>\n<td width=\"100%\" colspan=\"2\" align=\"center\"><font face=\"Lucida Grande, Lucida Sans Unicode, Verdana, sans-serif\" size=\"2\">Wer sch\u00fctzt hier wen vor wem: Zaun in Heiligendamm<\/font><\/td>\n<\/tr>\n<tr>\n<td width=\"50%\" align=\"center\"><img loading=\"lazy\" border=\"0\" src=\"https:\/\/www.albinz.net\/models\/zaun_heiligendamm1.jpg\" alt=\"Zaun in Heiligendamm\" width=\"220\" height=\"166\"><\/td>\n<td width=\"50%\" align=\"center\"><img loading=\"lazy\" border=\"0\" src=\"https:\/\/www.albinz.net\/models\/zaun_heiligendamm2.jpg\" alt=\"Zaun in Heiligendamm\" width=\"220\" height=\"166\"><\/td>\n<\/tr>\n<\/table>\n<p>Dass sich im Vorfeld einiger Unmut regt, besonderes in der linken Szene, war nicht anders zu erwarten. Der Vorsitzende der Polizei-Gewerkschaft GdP, Konrad Freiberg, sieht vor dem G-8-Gipfel eine deutlich erh\u00f6hte Gefahr von Anschl\u00e4gen. Der Linksextremismus in Deutschland habe in den Wochen vor dem Gipfeltreffen &#8222;eine ganz neue Dimension&#8220; erreicht. Und: Die Aktivisten seien zunehmend bereit, Gewalttaten und auch Anschl\u00e4ge zu begehen. Floskeln, die nicht neu sind, die sicherlich auch berechtigt sind. Warum aber aus dem Munde des Polizei-Gewerkschaftsvorsitzenden? Und warum mussten einen Monat vor dem Gipfel in einer Razzia-Aktion 900 Polizisten insgesamt 40 Wohnungen, B\u00fcros und andere Einrichtungen in sechs Bundesl\u00e4ndern durchsuchen?<\/p>\n<p>Ob der ganze Gipfel nun 40 oder gar bis zu 65 Millionen Euro kostet, ist fast schon nebens\u00e4chlich (wieviel mehr Geld wird anderenorts verschwendet) gegen\u00fcber diesen in meinen Augen \u00fcberzogenen Aktionen, die der Staat (vielleicht noch im Namen der B\u00fcrger) abzieht. Es ist wohl wieder die deutsche Gr\u00fcndlichkeit, die lieber Porzellan zu Bruch gehen und kurzzeitig B\u00fcrgerrechte au\u00dfer Kraft treten l\u00e4sst.<\/p>\n<p>siehe auch zdf.de: <a href=\"http:\/\/www.heute.de\/ZDFheute\/inhalt\/5\/0,3672,5333925,00.html\" target=\"_blank\">Krawalle nach Razzien gegen G8-Gegner<\/a> &#8211; mit <a href=\"http:\/\/www.heute.de\/ZDFmediathek\/inhalt\/20\/0,4070,5261236-1,00.html\" target=\"_blank\">Mediathek<\/a><\/p>\n","protected":false},"excerpt":{"rendered":"<p>Nun beehrt auch uns die politische Elite der sieben f\u00fchrenden Industriel\u00e4nder samt Russland vom 6. bis 8. Juni und sucht als G8-Gipfel das mecklenburgische Heiligendamm heim. Damit die Damen und Herren in Ruhe tagen k\u00f6nnen, wurde ein 2,50 Meter hoher und 13 Kilometer langer Zaun rund um die Ortschaft Heiligendamm errichtet. Kosten allein dieses Spa\u00dfes: &hellip; <a href=\"https:\/\/willizblog.de\/?p=841\" class=\"more-link\"><span class=\"screen-reader-text\">Heimsuchung in Heiligendamm<\/span> weiterlesen <span class=\"meta-nav\">&rarr;<\/span><\/a><\/p>\n","protected":false},"author":1,"featured_media":0,"comment_status":"closed","ping_status":"closed","sticky":false,"template":"","format":"standard","meta":[],"categories":[12],"tags":[],"_links":{"self":[{"href":"https:\/\/willizblog.de\/index.php?rest_route=\/wp\/v2\/posts\/841"}],"collection":[{"href":"https:\/\/willizblog.de\/index.php?rest_route=\/wp\/v2\/posts"}],"about":[{"href":"https:\/\/willizblog.de\/index.php?rest_route=\/wp\/v2\/types\/post"}],"author":[{"embeddable":true,"href":"https:\/\/willizblog.de\/index.php?rest_route=\/wp\/v2\/users\/1"}],"replies":[{"embeddable":true,"href":"https:\/\/willizblog.de\/index.php?rest_route=%2Fwp%2Fv2%2Fcomments&post=841"}],"version-history":[{"count":0,"href":"https:\/\/willizblog.de\/index.php?rest_route=\/wp\/v2\/posts\/841\/revisions"}],"wp:attachment":[{"href":"https:\/\/willizblog.de\/index.php?rest_route=%2Fwp%2Fv2%2Fmedia&parent=841"}],"wp:term":[{"taxonomy":"category","embeddable":true,"href":"https:\/\/willizblog.de\/index.php?rest_route=%2Fwp%2Fv2%2Fcategories&post=841"},{"taxonomy":"post_tag","embeddable":true,"href":"https:\/\/willizblog.de\/index.php?rest_route=%2Fwp%2Fv2%2Ftags&post=841"}],"curies":[{"name":"wp","href":"https:\/\/api.w.org\/{rel}","templated":true}]}}