{"id":8423,"date":"2014-05-24T05:47:46","date_gmt":"2014-05-24T04:47:46","guid":{"rendered":"http:\/\/www.willizblog.de\/?p=8423"},"modified":"2014-05-22T10:56:00","modified_gmt":"2014-05-22T09:56:00","slug":"krauter-aus-albinz-garten","status":"publish","type":"post","link":"https:\/\/willizblog.de\/?p=8423","title":{"rendered":"Kr\u00e4uter &#8230; aus AlbinZ Garten"},"content":{"rendered":"<p>Langsam n\u00e4hern wir uns wieder dem Sommer. Die ersten hei\u00dfen Tage hatten wir ja bereits. Sommerzeit ist f\u00fcr mich <a href=\"https:\/\/www.willizblog.de\/?p=4614\" target=\"_blank\">Beerenzeit<\/a>. Ich mag die kleinen \u201aFr\u00fcchtchen\u2019 nun einmal zu gern. Die ersten Erdbeeren aus der Region habe ich mit meiner Familie bereits genossen.<\/p>\n<p>Neben Beerenfr\u00fcchten bin ich aber auch ein Liebhaber von Kr\u00e4utern. Was Beeren f\u00fcr s\u00fc\u00dfe Gerichte, das sind Kr\u00e4uter f\u00fcr die herbe K\u00fcche. Wenn man schon einen Garten hat (aber ein Balkon reicht auch schon), dann bietet es sich an, einen kleinen Kr\u00e4utergarten anzulegen. <a href=\"https:\/\/de.wikipedia.org\/wiki\/Basilikum\" target=\"_blank\">Basilikum<\/a> steht bei uns schon \u201agriffbereit\u2019 in der K\u00fcche, denn die Pflanze braucht Sonne und W\u00e4rme.<\/p>\n<table border=\"0\" cellpadding=\"2\" cellspacing=\"0\" width=\"100%\">\n<tr>\n<td width=\"50%\">\n<p align=\"center\"><img border=\"0\" src=\"https:\/\/www.willizblog.de\/images\/gartenkraeuter2014_02.jpg\" alt=\"Currykraut - Rosmarin\"><\/td>\n<td width=\"50%\">\n<p align=\"center\"><img border=\"0\" src=\"https:\/\/www.willizblog.de\/images\/gartenkraeuter2014_01.jpg\" alt=\"Petersilie - Bohnenkraut\"><\/td>\n<\/tr>\n<tr>\n<td width=\"50%\" align=\"center\"><font SIZE=\"2\" face=\"Lucida Grande, Lucida Sans Unicode, Verdana, sans-serif\">Currykraut &#8211; Rosmarin<\/font><\/td>\n<td width=\"50%\" align=\"center\"><font SIZE=\"2\" face=\"Lucida Grande, Lucida Sans Unicode, Verdana, sans-serif\">Petersilie &#8211; Bohnenkraut<\/font><\/td>\n<\/tr>\n<tr>\n<td width=\"50%\">\n<p align=\"center\"><img border=\"0\" src=\"https:\/\/www.willizblog.de\/images\/gartenkraeuter2014_04.jpg\" alt=\"S\u00fc\u00dfkraut (Stevia) - Thymian\"><\/td>\n<td width=\"50%\">\n<p align=\"center\"><img border=\"0\" src=\"https:\/\/www.willizblog.de\/images\/gartenkraeuter2014_03.jpg\" alt=\"Cranberry - Erdn\u00fcsse - Lakritz-Tagetes\"><\/td>\n<\/tr>\n<tr>\n<td width=\"50%\" align=\"center\"><font SIZE=\"2\" face=\"Lucida Grande, Lucida Sans Unicode, Verdana, sans-serif\">S\u00fc\u00dfkraut (Stevia) &#8211; Thymian<\/font><\/td>\n<td width=\"50%\" align=\"center\"><font SIZE=\"2\" face=\"Lucida Grande, Lucida Sans Unicode, Verdana, sans-serif\">Cranberry &#8211; Erdn\u00fcsse &#8211; Lakritz-Tagetes<\/font><\/td>\n<\/tr>\n<\/table>\n<p>Im Garten hat meine Frau nun T\u00f6pfe \u201ageschichtet\u2019, in denen zz. <a href=\"https:\/\/de.wikipedia.org\/wiki\/Italienische_Strohblume\" target=\"_blank\">Currykraut<\/a> (eigentlich die italienische Strohblume) neben <a href=\"https:\/\/de.wikipedia.org\/wiki\/Rosmarin\" target=\"_blank\">Rosmarin<\/a>, <a href=\"https:\/\/de.wikipedia.org\/wiki\/Petersilie\" target=\"_blank\">Petersilie<\/a> (ist erst ausges\u00e4t, das erste Gr\u00fcn zeigt sich aber schon) neben <a href=\"https:\/\/de.wikipedia.org\/wiki\/Bohnenkr%C3%A4uter\" target=\"_blank\">Bohnenkraut<\/a> (da gibt es ein typisch norddeutsches Gericht: <a href=\"https:\/\/de.wikipedia.org\/wiki\/Birnen,_Bohnen_und_Speck\" target=\"_blank\">Bohnen, Birnen und Speck<\/a> \u2013 wir nehmen ger\u00e4ucherten Schinken \u2013 ohne Bohnenkraut geht das nicht) und <a href=\"https:\/\/de.wikipedia.org\/wiki\/Stevia\" target=\"_blank\">S\u00fc\u00dfkraut<\/a> (<em>Stevia rebaudiana<\/em>) neben <a href=\"https:\/\/de.wikipedia.org\/wiki\/Thymiane\" target=\"_blank\">Thymian<\/a> wachsen.<\/p>\n<p>Noch ausgepflanzt werden muss ein T\u00f6pfchen <a href=\"https:\/\/de.wikipedia.org\/wiki\/Gro%C3%9Ffr%C3%BCchtige_Moosbeere\" target=\"_blank\">Kranbeere<\/a> (eher als <em>Cranberry<\/em> bekannt \u2013 auch: <em>gro\u00dffr\u00fcchtige Moosbeere<\/em>), eine <a href=\"https:\/\/de.wikipedia.org\/wiki\/Erdnuss\" target=\"_blank\">Erdnusspflanze<\/a> und <a href=\"http:\/\/balkonpflanzen-pflege.de\/tagetes-filifolia\/\" target=\"_blank\">Lakritz-Tagetes<\/a> (die Bl\u00e4tter schmecken wirklich nach Lakritz). Mal gucken, was daraus wird &#8230;<\/p>\n<p>Ich will nicht unbedingt Werbung machen, aber viele der Pflanzen hat meine Frau in einem Gartencenter in Schneverdingen gekauft: <a href=\"http:\/\/www.seuthes-gruen-erleben.de\/\" target=\"_blank\">Seuthes gr\u00fcn erleben<\/a>. Da gibt es eine wirklich gro\u00dfe Auswahl an Beet-, Balkon- und Zimmerpflanzen etc.<\/p>\n<p>Der Sommer kann also kommen. \u00dcbrigens: Wie \u201aUnkraut\u2019 (Unkr\u00e4uter gibt es eigentlich nicht) w\u00e4chst bei uns (sicherlich nicht nur bei uns) <a href=\"https:\/\/de.wikipedia.org\/wiki\/Giersch\" target=\"_blank\">Giersch<\/a>. Es ist ein <a href=\"https:\/\/de.wikipedia.org\/wiki\/Wildgem%C3%BCse\" target=\"_blank\">Wildgem\u00fcse<\/a> und enth\u00e4lt viel Kalium, Vitamin C, Karotin und Eisen. Wir nehmen die jungen Bl\u00e4tter und verwenden Giersch neben anderen Kr\u00e4utern und Wildgem\u00fcse zu Salat oder kleingehakt \u00fcber gekochtes Gem\u00fcse usw. \u2013 <strong>Bon app\u00e9tit!<\/strong><\/p>\n<p>siehe auch <a href=\"http:\/\/www.heilkraeuter.de\/lexikon\/\" target=\"_blank\">Lexikon der Heilkr\u00e4uter<\/a><\/p>\n<table border=\"0\" cellpadding=\"4\" cellspacing=\"0\" width=\"100%\">\n<tr>\n<td width=\"100%\">\n<p align=\"center\"><font face=\"Lucida Grande, Lucida Sans Unicode, Verdana, sans-serif\" size=\"2\" color=\"#3366B2\"><strong>Dies ist der 3000. Beitrag in WilliZ Weblog<\/strong><\/font><\/p>\n<\/td>\n<\/tr>\n<\/table>\n","protected":false},"excerpt":{"rendered":"<p>Langsam n\u00e4hern wir uns wieder dem Sommer. Die ersten hei\u00dfen Tage hatten wir ja bereits. Sommerzeit ist f\u00fcr mich Beerenzeit. Ich mag die kleinen \u201aFr\u00fcchtchen\u2019 nun einmal zu gern. Die ersten Erdbeeren aus der Region habe ich mit meiner Familie bereits genossen. Neben Beerenfr\u00fcchten bin ich aber auch ein Liebhaber von Kr\u00e4utern. Was Beeren f\u00fcr &hellip; <a href=\"https:\/\/willizblog.de\/?p=8423\" class=\"more-link\"><span class=\"screen-reader-text\">Kr\u00e4uter &#8230; aus AlbinZ Garten<\/span> weiterlesen <span class=\"meta-nav\">&rarr;<\/span><\/a><\/p>\n","protected":false},"author":1,"featured_media":0,"comment_status":"open","ping_status":"open","sticky":false,"template":"","format":"standard","meta":[],"categories":[16],"tags":[],"_links":{"self":[{"href":"https:\/\/willizblog.de\/index.php?rest_route=\/wp\/v2\/posts\/8423"}],"collection":[{"href":"https:\/\/willizblog.de\/index.php?rest_route=\/wp\/v2\/posts"}],"about":[{"href":"https:\/\/willizblog.de\/index.php?rest_route=\/wp\/v2\/types\/post"}],"author":[{"embeddable":true,"href":"https:\/\/willizblog.de\/index.php?rest_route=\/wp\/v2\/users\/1"}],"replies":[{"embeddable":true,"href":"https:\/\/willizblog.de\/index.php?rest_route=%2Fwp%2Fv2%2Fcomments&post=8423"}],"version-history":[{"count":0,"href":"https:\/\/willizblog.de\/index.php?rest_route=\/wp\/v2\/posts\/8423\/revisions"}],"wp:attachment":[{"href":"https:\/\/willizblog.de\/index.php?rest_route=%2Fwp%2Fv2%2Fmedia&parent=8423"}],"wp:term":[{"taxonomy":"category","embeddable":true,"href":"https:\/\/willizblog.de\/index.php?rest_route=%2Fwp%2Fv2%2Fcategories&post=8423"},{"taxonomy":"post_tag","embeddable":true,"href":"https:\/\/willizblog.de\/index.php?rest_route=%2Fwp%2Fv2%2Ftags&post=8423"}],"curies":[{"name":"wp","href":"https:\/\/api.w.org\/{rel}","templated":true}]}}