{"id":8449,"date":"2014-06-01T06:01:04","date_gmt":"2014-06-01T05:01:04","guid":{"rendered":"http:\/\/www.willizblog.de\/?p=8449"},"modified":"2014-05-30T09:44:32","modified_gmt":"2014-05-30T08:44:32","slug":"juni-lasst-sein-blaues-band","status":"publish","type":"post","link":"https:\/\/willizblog.de\/?p=8449","title":{"rendered":"Juni l\u00e4sst sein blaues Band &#8230;"},"content":{"rendered":"<p>Die uns\u00e4gliche Sommerzeit haben wir ja schon l\u00e4ngst (seit dem 30, M\u00e4rz, also seit neun Wochen), jetzt sollte es endlich <a href=\"https:\/\/de.wikipedia.org\/wiki\/Sommer\" target=\"_blank\">Sommer<\/a> werden. Astronomisch beginnt der Sommer mit der Sommersonnenwende \u2013 dem Zeitpunkt, zu dem die Sonne senkrecht \u00fcber dem Wendekreis der eigenen Erdh\u00e4lfte steht und die Tage am l\u00e4ngsten sind. Der Sommerbeginn ist auf unserer Nordhalbkugel in diesem Jahr am 21. Juni. Aber es gibt ja auch den meteorologischen Sommer, dem man bei uns die Monate Juni, Juli und August zuordnet. Danach beginnt also heute auf der Nordhalbkugel der meteorologische Sommer.<\/p>\n<p>Einige sch\u00f6ne Sonnentage, auch Sommertage mit um die 30 \u00b0 C hatten wir ja bereits, aber was wir wohl alle wollen, ist ein Sonnensommer von l\u00e4ngerer Dauer. Gerade heute nun (also am 1. Juni) soll es wirklich nicht so toll werden, bei bedecktem Himmel erstarrt die Quecksilbers\u00e4ule bei gerade einmal gut 10 \u00b0 C. Schon die letzten N\u00e4chte kamen von der Temperatur dem Nullpunkt bei uns hier im Norden sehr nahe. Das erinnerte fast an die <a href=\"https:\/\/www.willizblog.de\/?p=8385\" target=\"_blank\">Eisheiligen<\/a> (durchwachsen soll es weitergehen).<\/p>\n<p><img src=\"https:\/\/www.willizblog.de\/images\/blaues_band.jpg\" alt=\"... blaues Band ...\" title=\"... blaues Band ...\" \/><\/p>\n<p>Ja, das Wetter ist und bleibt ein beliebtes Wetter. Eines wissen wir aber gewiss, wir k\u00f6nnen daran nichts \u00e4ndern. Wenn\u2019s regnet, dann regnet es halt. Trotzdem beschw\u00f6ren wir gern das Wetter, wie z.B. <a href=\"https:\/\/de.wikipedia.org\/wiki\/Eduard_M%C3%B6rike\" target=\"_blank\">Eduard M\u00f6rike<\/a>, der zwar nicht (wie in der \u00dcberschrift verk\u00fcndet) des Junis, sondern <a href=\"http:\/\/wunderland-deutsch.com\/post\/Fruhling-lasst-sein-blaues-Band-.aspx\" target=\"_blank\"><em>des Fr\u00fchlings blaues Band flattern l\u00e4sst<\/em><\/a> (<em>blauer, wolkenloser Himmel<\/em> \u2013 was wollen wir mehr). Wenn dann die Luft auch noch wohltemperiert ist, dann m\u00f6gen wir den Sommer genie\u00dfen.<\/p>\n","protected":false},"excerpt":{"rendered":"<p>Die uns\u00e4gliche Sommerzeit haben wir ja schon l\u00e4ngst (seit dem 30, M\u00e4rz, also seit neun Wochen), jetzt sollte es endlich Sommer werden. Astronomisch beginnt der Sommer mit der Sommersonnenwende \u2013 dem Zeitpunkt, zu dem die Sonne senkrecht \u00fcber dem Wendekreis der eigenen Erdh\u00e4lfte steht und die Tage am l\u00e4ngsten sind. Der Sommerbeginn ist auf unserer &hellip; <a href=\"https:\/\/willizblog.de\/?p=8449\" class=\"more-link\"><span class=\"screen-reader-text\">Juni l\u00e4sst sein blaues Band &#8230;<\/span> weiterlesen <span class=\"meta-nav\">&rarr;<\/span><\/a><\/p>\n","protected":false},"author":1,"featured_media":0,"comment_status":"open","ping_status":"open","sticky":false,"template":"","format":"standard","meta":[],"categories":[16,3],"tags":[],"_links":{"self":[{"href":"https:\/\/willizblog.de\/index.php?rest_route=\/wp\/v2\/posts\/8449"}],"collection":[{"href":"https:\/\/willizblog.de\/index.php?rest_route=\/wp\/v2\/posts"}],"about":[{"href":"https:\/\/willizblog.de\/index.php?rest_route=\/wp\/v2\/types\/post"}],"author":[{"embeddable":true,"href":"https:\/\/willizblog.de\/index.php?rest_route=\/wp\/v2\/users\/1"}],"replies":[{"embeddable":true,"href":"https:\/\/willizblog.de\/index.php?rest_route=%2Fwp%2Fv2%2Fcomments&post=8449"}],"version-history":[{"count":0,"href":"https:\/\/willizblog.de\/index.php?rest_route=\/wp\/v2\/posts\/8449\/revisions"}],"wp:attachment":[{"href":"https:\/\/willizblog.de\/index.php?rest_route=%2Fwp%2Fv2%2Fmedia&parent=8449"}],"wp:term":[{"taxonomy":"category","embeddable":true,"href":"https:\/\/willizblog.de\/index.php?rest_route=%2Fwp%2Fv2%2Fcategories&post=8449"},{"taxonomy":"post_tag","embeddable":true,"href":"https:\/\/willizblog.de\/index.php?rest_route=%2Fwp%2Fv2%2Ftags&post=8449"}],"curies":[{"name":"wp","href":"https:\/\/api.w.org\/{rel}","templated":true}]}}