{"id":8458,"date":"2014-06-03T12:23:27","date_gmt":"2014-06-03T11:23:27","guid":{"rendered":"http:\/\/www.willizblog.de\/?p=8458"},"modified":"2014-06-03T12:23:27","modified_gmt":"2014-06-03T11:23:27","slug":"auf-zur-wm-2014-nach-brasilien","status":"publish","type":"post","link":"https:\/\/willizblog.de\/?p=8458","title":{"rendered":"Auf zur WM 2014 nach Brasilien"},"content":{"rendered":"<p>Nur noch neun Tage trennen uns von der Er\u00f6ffnung der <a href=\"https:\/\/de.wikipedia.org\/wiki\/Fu%C3%9Fball-Weltmeisterschaft_2014\" target=\"_blank\">Fu\u00dfball-Weltmeisterschaft vom 12. Juni bis zum 13. Juli 2014 in Brasilien<\/a>. Nach der Er\u00f6ffnungsfeier spielt dann der Gastgeber <em>Brasilien<\/em> in S\u00e3o Paulo um 22 Uhr MESZ gegen <em>Kroatien<\/em>. Erste Hochspannung kommt einen Tag sp\u00e4ter, am Freitag, den 13. Juni, auf, wenn um 21 Uhr MESZ das Endspiel der letzten WM gewisserma\u00dfen wiederholt wird: <em>Spanien<\/em> trifft auf die <em>Niederlande<\/em> in Salvador da Bahia, wo <em>Deutschland<\/em> am Montag, den 16. Juni, ab 18 Uhr MESZ sein erstes Spiel in der <a href=\"https:\/\/de.wikipedia.org\/wiki\/Fu%C3%9Fball-Weltmeisterschaft_2014\/Gruppe_G\" target=\"_blank\">Gruppe G<\/a> gegen <em>Portugal<\/em> bestreitet.<\/p>\n<p>Alle Spielpaarungen der WM werden erstmals von den Fernsehanstalten von ARD und ZDF live \u00fcbertragen. Die ARD zahlte f\u00fcr die \u00dcbertragungsrechte laut einem Medienbericht 150 Millionen Euro. Der Sender macht zur H\u00f6he der Ausgaben selbst keine Angaben. Die Fu\u00dfball-WM ist f\u00fcr die <a href=\"https:\/\/de.wikipedia.org\/wiki\/FIFA\" target=\"_blank\">FIFA<\/a> ein <a href=\"https:\/\/de.wikipedia.org\/wiki\/FIFA#Finanzen_und_Sponsoren\" target=\"_blank\">Milliardengesch\u00e4ft<\/a>. Mit dieser Weltmeisterschaft soll zum ersten Mal auch eine <a href=\"https:\/\/de.wikipedia.org\/wiki\/Fu%C3%9Fball-Weltmeisterschaft_2014#Einf.C3.BChrung_der_Torlinientechnologie\" target=\"_blank\">Torlinientechnologie<\/a> eingesetzt werden.<\/p>\n<ul><img src=\"http:\/\/upload.wikimedia.org\/wikipedia\/de\/thumb\/1\/18\/WM-2014-Brasilien.svg\/220px-WM-2014-Brasilien.svg.png\" alt=\"FIFA-Fu\u00dfball-Weltmeisterschaft 2014 in Brasilien\" title=\"FIFA-Fu\u00dfball-Weltmeisterschaft 2014 in Brasilien\" \/><\/ul>\n<p><a href=\"https:\/\/de.wikipedia.org\/wiki\/Proteste_in_Brasilien_2013\" target=\"_blank\"><em>Fest oder Fiasko?<\/em><\/a> Nicht einmal jeder zweite Brasilianer steht der WM positiv gegen\u00fcber \u2013 und das im Land des f\u00fcnffachen Weltmeisters. In Rio de Janeiro demonstrierten die Brasilianer f\u00fcr Schulen und Krankenh\u00e4user statt WM-Fu\u00dfball. In S\u00e3o Paulo gab es Scharm\u00fctzel mit der Polizei. Nein, diese WM steht unter <a href=\"http:\/\/www.zeit.de\/sport\/2014-06\/fifa-korruption-wm-brasilien\" target=\"_blank\">keinem guten Vorzeichen<\/a>. Und der Weltfu\u00dfballverband, die FIFA, k\u00f6nnte schon \u00fcber Brasilien stolpern, bevor sie es endg\u00fcltig \u00fcber Katar, das 2022 die WM im W\u00fcstensand austragen soll, tut. Es ist viel geschrieben worden und wird noch viel zu schreiben sein.<\/p>\n<p>Zur\u00fcck zum Sportlichen und damit nat\u00fcrlich zur deutschen Mannschaft. Nachdem Nationaltrainer Joachim L\u00f6w bereits Spieler wie Max Kruse, ter Stegen, Gomez, Adler, Sidney Sam, Westermann und Sven Bender nicht in seinem <a href=\"https:\/\/www.willizblog.de\/?p=8374\" target=\"_blank\">30-k\u00f6pfiges Aufgebot<\/a> ber\u00fccksichtigt hatte, musste er bis zum Montag, den 2. Juni, seinen endg\u00fcltigen Kader benennen. Zuvor waren schon Marcell Jansen (vom Fast-Absteiger Hamburger SV), Leon Goretzka, Max Meyer (alle Schalke 04) und Andr\u00e9 Hahn (FC Augsburg) gestrichen worden. Lars Bender (Bayer Leverkusen) fiel verletzungsbedingt aus; daf\u00fcr wurde Christoph Kramer (Borussia M\u00f6nchengladbach) nachnominiert. Gestern nun fielen auch noch Shkodran Mustafi (Sampdoria Genua), Marcel Schmelzer (Borussia Dortmund) und der St\u00fcrmer Kevin Volland (1899 Hoffenheim) dem Rotstift zum Opfer. Damit quartiert sich das deutsche Team nur mit einem echten St\u00fcrmer (dem inzwischen 35-j\u00e4hrigen Miroslav Klose von Lazio Rom) in der <a href=\"http:\/\/www.sportschau.de\/fifawm2014\/videofussballerherbergeimparadies100.html\" target=\"_blank\">Nobelherberge Campo Bahia<\/a> am Atlantik ein.<\/p>\n<p>Hier der verbleibende 23-k\u00f6pfige <strong>DFB-Kader f\u00fcr Brasilien<\/strong>:<\/p>\n<p><strong>Tor:<\/strong> Manuel Neuer (Bayern M\u00fcnchen), Roman Weidenfeller (Borussia Dortmund), Ron-Robert Zieler (Hannover 96)<\/p>\n<p><strong>Abwehr:<\/strong> J\u00e9r\u00f4me Boateng (Bayern M\u00fcnchen), Erik Durm (Borussia Dortmund), Matthias Ginter (SC Freiburg), Kevin Gro\u00dfkreutz (Borussia Dortmund), Benedikt H\u00f6wedes (Schalke 04), Mats Hummels (Borussia Dortmund), Philipp Lahm (Bayern M\u00fcnchen), Per Mertesacker (FC Arsenal)<\/p>\n<p><strong>Mittelfeld:<\/strong> Julian Draxler (Schalke 04), Mario G\u00f6tze (Bayern M\u00fcnchen), Sami Khedira (Real Madrid), Christoph Kramer (Borussia M\u00f6nchengladbach), Toni Kroos (Bayern M\u00fcnchen), Thomas M\u00fcller (Bayern M\u00fcnchen), Mesut \u00d6zil (FC Arsenal), Lukas Podolski (FC Arsenal), Marco Reus (Borussia Dortmund), Andre Sch\u00fcrrle (FC Chelsea), Bastian Schweinsteiger (Bayern M\u00fcnchen)<\/p>\n<p><strong>Angriff:<\/strong> Miroslav Klose (Lazio Rom)<\/p>\n<p>Mit nur einem echten St\u00fcrmer, mit einigen angeschlagenen (Neuer, Schweinsteiger) bzw. noch immer nicht ganz fitten Stammspielern (Khedira) \u2013 da fragt man sich, wohin die Reise f\u00fcr die deutsche Mannschaft gehen wird. Auch andere Nationen haben ihre Probleme (z.B. Kolumbien muss auf St\u00fcrmerstar Radamel Falcao verzichten \u2013 Frankreichs Rib\u00e9ry hat \u201aR\u00fccken\u2019). So richtig mochte sich keine Mannschaft in den letzten Testspielen vor der WM als Favorit darstellen, <a href=\"http:\/\/www.sport1.de\/de\/fussball\/wm\/newspage_900829.html\" target=\"_blank\">Belgien ausgenommen?<\/a> Deutschlands 2:2 gegen Kamerun offenbarte noch gen\u00fcgend Schw\u00e4chen. Immerhin hei\u00dft das formulierte Ziel: Gewinn des Weltmeistertitels! Da kann man schon nachdenklich werden. Bekanntlich ist das deutsche Team eine Turniermannschaft, die zur rechten Zeit die richtige Leistung bringt. Trotzdem glaube ich nicht, dass Deutschland Weltmeister wird. Im Halbfinale (wahrscheinlich gegen Brasilien) ist sp\u00e4testens Schluss. Mein Halbfinaltipp:<\/p>\n<p><strong>Brasilien \u2013 Deutschland<br \/>\nSpanien \u2013 Argentinien<\/strong><\/p>\n<p>&#8211; wobei z.B. die Belgier neben Italien, Frankreich und vielleicht der Elfenbeink\u00fcste bis ins Viertelfinale ziehen k\u00f6nnten. Mein Endspiel lautet dann <strong>Brasilien gegen Spanien<\/strong> (mehr verrate ich nicht). Wer selbst \u201aauf die Schnelle\u2019 tippen m\u00f6chte, der hat hier die M\u00f6glichkeiten: <a href=\"http:\/\/weltmeister14.de\/index.php\" target=\"_blank\"><strong>Wer wird Weltmeister?<\/strong><\/a><\/p>\n<p>Diese WM verspricht auf jeden Fall, spannend zu werden. Da gibt es neben Deutschland die \u201a\u00fcblich Verd\u00e4chtigen\u2019 auf den Titel wie Brasilien (wenn der Heimvorteil nicht zum Fluch wird), Spanien oder Argentinien. Die Belgier habe ich bereits genannt. Daneben haben nat\u00fcrlich auch Italien, die Niederlande, Portugal, England, Frankreich, Uruguay oder Kolumbien gute Aussichten. Auch Bosnien-Herzegowina kann kr\u00e4ftig mitmischen. Und vielleicht packt es diesmal auch eine der Schwarzafrikaner (Kamerun, Ghana, Elfenbeink\u00fcste oder Nigeria). Damit sind ja schon die H\u00e4lfte aller Mannschaft genannt. Hoffen wir nur, das der Beste von allen am Schluss gewinnt (nicht wie <a href=\"https:\/\/www.willizblog.de\/?p=539\" target=\"_blank\">2006<\/a> <a href=\"https:\/\/www.willizblog.de\/?p=540\" target=\"_blank\">Italien<\/a>). Und hoffen wir, dass trotz Torlinientechnik nicht allzu viele Fehlentscheidungen von den Schiedsrichtern (darunter gibt es wieder einige Exoten) getroffen werden.<\/p>\n<p><a href=\"http:\/\/de.fifa.com\/worldcup\/index.html\" target=\"_blank\"><strong>Fu\u00dfball-WM: Offizielle Website der FIFA<\/strong><\/a><br \/>\n<a href=\"http:\/\/www.sportschau.de\/fifawm2014\/index.html\" target=\"_blank\"><strong>Fu\u00dfball-WM bei der ARD<\/strong><\/a><br \/>\n<a href=\"http:\/\/www.zdfsport.de\/fussball-wm-2014-30784614.html\" target=\"_blank\"><strong>Fu\u00dfball-WM beim ZDF<\/strong><\/a><\/p>\n","protected":false},"excerpt":{"rendered":"<p>Nur noch neun Tage trennen uns von der Er\u00f6ffnung der Fu\u00dfball-Weltmeisterschaft vom 12. Juni bis zum 13. Juli 2014 in Brasilien. Nach der Er\u00f6ffnungsfeier spielt dann der Gastgeber Brasilien in S\u00e3o Paulo um 22 Uhr MESZ gegen Kroatien. Erste Hochspannung kommt einen Tag sp\u00e4ter, am Freitag, den 13. Juni, auf, wenn um 21 Uhr MESZ &hellip; <a href=\"https:\/\/willizblog.de\/?p=8458\" class=\"more-link\"><span class=\"screen-reader-text\">Auf zur WM 2014 nach Brasilien<\/span> weiterlesen <span class=\"meta-nav\">&rarr;<\/span><\/a><\/p>\n","protected":false},"author":1,"featured_media":0,"comment_status":"open","ping_status":"open","sticky":false,"template":"","format":"standard","meta":[],"categories":[39],"tags":[],"_links":{"self":[{"href":"https:\/\/willizblog.de\/index.php?rest_route=\/wp\/v2\/posts\/8458"}],"collection":[{"href":"https:\/\/willizblog.de\/index.php?rest_route=\/wp\/v2\/posts"}],"about":[{"href":"https:\/\/willizblog.de\/index.php?rest_route=\/wp\/v2\/types\/post"}],"author":[{"embeddable":true,"href":"https:\/\/willizblog.de\/index.php?rest_route=\/wp\/v2\/users\/1"}],"replies":[{"embeddable":true,"href":"https:\/\/willizblog.de\/index.php?rest_route=%2Fwp%2Fv2%2Fcomments&post=8458"}],"version-history":[{"count":0,"href":"https:\/\/willizblog.de\/index.php?rest_route=\/wp\/v2\/posts\/8458\/revisions"}],"wp:attachment":[{"href":"https:\/\/willizblog.de\/index.php?rest_route=%2Fwp%2Fv2%2Fmedia&parent=8458"}],"wp:term":[{"taxonomy":"category","embeddable":true,"href":"https:\/\/willizblog.de\/index.php?rest_route=%2Fwp%2Fv2%2Fcategories&post=8458"},{"taxonomy":"post_tag","embeddable":true,"href":"https:\/\/willizblog.de\/index.php?rest_route=%2Fwp%2Fv2%2Ftags&post=8458"}],"curies":[{"name":"wp","href":"https:\/\/api.w.org\/{rel}","templated":true}]}}