{"id":8477,"date":"2014-06-08T06:55:24","date_gmt":"2014-06-08T05:55:24","guid":{"rendered":"http:\/\/www.willizblog.de\/?p=8477"},"modified":"2014-06-07T19:04:03","modified_gmt":"2014-06-07T18:04:03","slug":"offene-ohren-offene-turen-offene-datenbanken","status":"publish","type":"post","link":"https:\/\/willizblog.de\/?p=8477","title":{"rendered":"Brief vom B\u00fcrgermeister"},"content":{"rendered":"<p>Wie bekannt ist, findet am kommenden Sonntag die Stichwahl zur Wahl des Samtgemeindeb\u00fcrgermeisters in Tostedt statt. Dabei tritt der bisherige Amtsinhaber, Dirk Bostelmann, CDU, gegen Dr. Peter D\u00f6rsam an. Somit wird von beiden Kandidaten noch einiger Aufwand an Wahlkampf betrieben. So erhielt ich am Freitag einen Brief von Herrn Bostelmann \u2013 an mich pers\u00f6nlich gerichtet (mit Namen, Anschrift und Anrede: Sehr geehrter Herr A&#8230;). Der Brief ist offensichtlich in erster Linie an \u00e4ltere Menschen gerichtet. Ich vermute: an Personen, die mindestens 60 Jahre alt sind.<\/p>\n<p>Inzwischen habe ich mich schau gemacht, um zu kl\u00e4ren, ob Herr Bostelmann rechtm\u00e4\u00dfig an meine Daten gekommen ist. <\/p>\n<p>Gem\u00e4\u00df <a href=\"https:\/\/beck-online.beck.de\/default.aspx?vpath=bibdata\/komm_pdk\/PdK-Nds-K8Nds\/ges\/NdsMG\/cont\/PdK-Nds-K8Nds.NdsMG.p34.htm\" target=\"_blank\">\u00a7 34 Abs. 1 Satz 1<\/a> des Nieders\u00e4chsischen Meldegesetzes (NMG) darf die Meldebeh\u00f6rde Tr\u00e4gerinnen und Tr\u00e4gern von Wahlvorschl\u00e4gen im Zusammenhang mit Parlaments- und Kommunalwahlen in den sechs der Wahl vorangehenden Monaten Auskunft aus dem Melderegister \u00fcber die in \u00a7 33 Abs. 1 bezeichneten Daten, also Namen und Anschrift, von nach dem Lebensalter bestimmten Gruppen von Wahlberechtigten erteilen. Es ist daher zul\u00e4ssig, wenn  z. B. eine Partei oder eine Kandidatin oder ein Kandidat diese Angaben von der Meldebeh\u00f6rde erfragt und f\u00fcr ein pers\u00f6nliches Anschreiben an die Wahlberechtigten nutzt. Die Ausk\u00fcnfte nach \u00a7 34 Abs. 1 Satz 1 NMG d\u00fcrfen sich aber nur auf bestimmte Altersgruppen beziehen, sodass es den Parteien und anderen Wahlvorschlagtr\u00e4gerinnen und -tr\u00e4gern nicht m\u00f6glich ist, s\u00e4mtliche Adressen aus dem Melderegister zu erhalten. In meinem Fall scheint der Wahlvorschlagstr\u00e4ger die Altergruppe der \u00dcber-60-j\u00e4hrigen von der Meldebeh\u00f6rde abgefragt und erhalten zu haben. <\/p>\n<p>Ob es mir nun passt oder nicht (ich kann gut auf ein Schreiben von Herrn Bostelmann verzichten), die Nutzung meines Namens und meiner Anschrift ist wahlrechtlich nicht zu beanstanden.<\/p>\n","protected":false},"excerpt":{"rendered":"<p>Wie bekannt ist, findet am kommenden Sonntag die Stichwahl zur Wahl des Samtgemeindeb\u00fcrgermeisters in Tostedt statt. Dabei tritt der bisherige Amtsinhaber, Dirk Bostelmann, CDU, gegen Dr. Peter D\u00f6rsam an. Somit wird von beiden Kandidaten noch einiger Aufwand an Wahlkampf betrieben. So erhielt ich am Freitag einen Brief von Herrn Bostelmann \u2013 an mich pers\u00f6nlich gerichtet &hellip; <a href=\"https:\/\/willizblog.de\/?p=8477\" class=\"more-link\"><span class=\"screen-reader-text\">Brief vom B\u00fcrgermeister<\/span> weiterlesen <span class=\"meta-nav\">&rarr;<\/span><\/a><\/p>\n","protected":false},"author":1,"featured_media":0,"comment_status":"open","ping_status":"open","sticky":false,"template":"","format":"standard","meta":[],"categories":[12,11],"tags":[],"_links":{"self":[{"href":"https:\/\/willizblog.de\/index.php?rest_route=\/wp\/v2\/posts\/8477"}],"collection":[{"href":"https:\/\/willizblog.de\/index.php?rest_route=\/wp\/v2\/posts"}],"about":[{"href":"https:\/\/willizblog.de\/index.php?rest_route=\/wp\/v2\/types\/post"}],"author":[{"embeddable":true,"href":"https:\/\/willizblog.de\/index.php?rest_route=\/wp\/v2\/users\/1"}],"replies":[{"embeddable":true,"href":"https:\/\/willizblog.de\/index.php?rest_route=%2Fwp%2Fv2%2Fcomments&post=8477"}],"version-history":[{"count":0,"href":"https:\/\/willizblog.de\/index.php?rest_route=\/wp\/v2\/posts\/8477\/revisions"}],"wp:attachment":[{"href":"https:\/\/willizblog.de\/index.php?rest_route=%2Fwp%2Fv2%2Fmedia&parent=8477"}],"wp:term":[{"taxonomy":"category","embeddable":true,"href":"https:\/\/willizblog.de\/index.php?rest_route=%2Fwp%2Fv2%2Fcategories&post=8477"},{"taxonomy":"post_tag","embeddable":true,"href":"https:\/\/willizblog.de\/index.php?rest_route=%2Fwp%2Fv2%2Ftags&post=8477"}],"curies":[{"name":"wp","href":"https:\/\/api.w.org\/{rel}","templated":true}]}}