{"id":8495,"date":"2014-06-12T05:56:01","date_gmt":"2014-06-12T04:56:01","guid":{"rendered":"http:\/\/www.willizblog.de\/?p=8495"},"modified":"2014-06-11T17:02:47","modified_gmt":"2014-06-11T16:02:47","slug":"idylle-kitsch","status":"publish","type":"post","link":"https:\/\/willizblog.de\/?p=8495","title":{"rendered":"Idylle &#038; Kitsch"},"content":{"rendered":"<p><em>Die Verbr\u00fcderung aller Menschen dieser Welt wird nur durch den <a href=\"https:\/\/de.wikipedia.org\/wiki\/Kitsch\" target=\"_blank\">Kitsch<\/a> zu begr\u00fcnden sein.<\/em><\/p>\n<p><em>Niemand wei\u00df das besser als die Politiker. Ist ein Fotoapparat in der N\u00e4he, st\u00fcrzen sie sich sofort auf das erstbeste Kind, um es auf den Arm zu nehmen und auf die Wangen zu k\u00fcssen. Der Kitsch ist das \u00e4sthetische Ideal aller Politiker, aller Parteien und aller politischen Bewegungen.<\/em><\/p>\n<p><em>In einer Gesellschaft, in der verschiedene politische Richtungen nebeneinander existieren, deren Einflu\u00df sich gegenseitig behindert und begrenzt, kann man der Inquisition durch den Kitsch noch entkommen; der einzelne kann seine Originalit\u00e4t wahren, der K\u00fcnstler unerwartete Werke schaffen. Wo aber eine einzelne politische Bewegung alle Macht hat, befinden wir uns im Reich des totalit\u00e4ren Kitsches.<\/em><\/p>\n<p><em>Sage ich totalit\u00e4r, so bedeutet dies, da\u00df alles, was den Kitsch beeintr\u00e4chtigen k\u00f6nnte, aus dem Leben verbannt wird: jede \u00c4u\u00dferung von Individualismus (jede Abweichung ist Spucke ins Gesicht der l\u00e4chelnden Br\u00fcderlichkeit), jeder Skeptizismus (wer an Kleinigkeiten zu zweifeln beginnt, wird damit enden, das Leben an sich anzuzweifeln), jede Ironie (im Reiche des Kitsches ist alles unbedingt ernst zu nehmen), aber auch die Mutter, die ihre Familie verlassen hat oder der Mann, der die M\u00e4nner den Frauen vorzieht und so die hochheilige Parole \u201eLiebet und mehret euch\u201c, in Frage stellt.<\/em><\/p>\n<p><em>Unter diesem Gesichtspunkt kann man den sogenannten <a href=\"https:\/\/de.wikipedia.org\/wiki\/Gulag\" target=\"_blank\">Gulag<\/a> als Kl\u00e4rgrube betrachten, in die der totalit\u00e4re Kitsch seinen Abfall wirft.<\/em> (S. 240 f.)<\/p>\n<p><em>Bei der Vorstellung, die Welt des sowjetischen Kitsches k\u00f6nnte Wirklichkeit werden und sie<\/em> [die Protagonistin des Romans] <em>m\u00fc\u00dfte darin leben, liefen ihr Schauer \u00fcber den R\u00fccken. Ohne einen Moment zu z\u00f6gern, g\u00e4be sie dem Leben in einem wirklich kommunistischen Regime den Vorzug, trotz all der Verfolgungen und Schlangen vor den Fleischereien. In einer wirklich kommunistischen Welt kann man leben. In der Welt des Wirklichkeit gewordenen kommunistischen Ideals, in dieser Welt der l\u00e4chelnden Idioten, mit denen sie nie ein Wort h\u00e4tte wechseln k\u00f6nnen, w\u00e4re sie binnen einer Woche vor Grauen gestorben<\/em> (S. 242).<\/p>\n<p>aus: <a href=\"https:\/\/de.wikipedia.org\/wiki\/Milan_Kundera\" target=\"_blank\">Milan Kundera<\/a>: <a href=\"https:\/\/de.wikipedia.org\/wiki\/Die_unertr%C3%A4gliche_Leichtigkeit_des_Seins\" target=\"_blank\">Die unertr\u00e4gliche Leichtigkeit des Seins<\/a> (Fischer Taschenbuch Verlag, Frankfurt am Main, April 1987 \u2013 5992 \u2013 311. \u2013 410. Tausend: Februar 1988 \u2013 aus dem Tschechischen von <a href=\"http:\/\/www.zeit.de\/1997\/30\/Susanna_Roth\" target=\"_blank\">Susanna Roth<\/a>)<\/p>\n<ul><img src=\"http:\/\/www.bibliophilin.de\/wp-content\/uploads\/2010\/02\/Milan-Kundera-Leichtigkeit.gif\" alt=\"Milan Kundera: Die unertr\u00e4gliche Leichtigkeit des Seins\" title=\"Milan Kundera: Die unertr\u00e4gliche Leichtigkeit des Seins\" \/><\/ul>\n<p>Milan Kundera widmet sich in seinem (auch heute noch) \u00fcberaus lesenswerten Roman, der ebenso witzig wie geistreich ist, dem sozialistischen Ideal und sieht nichts anderes darin als propagiertes Idyll, ja Kitsch, totalit\u00e4ren Kitsch. Die Geschichte von Tomas und Teresa (bzw. von Sabina und Franz) spielt in Prag, der Hauptstadt der damaligen Tschechoslowakei, um die Zeit des <a href=\"https:\/\/de.wikipedia.org\/wiki\/Prager_Fr%C3%BChling\" target=\"_blank\">Prager Fr\u00fchlings<\/a>, also vor und nach 1968. Es ist eine Liebesgeschichte, die von der damaligen Wirklichkeit in einem sozialistischen Land gepr\u00e4gt wurde.<\/p>\n<p>Totalit\u00e4re Staaten neigen zu totalit\u00e4ren Kitsch. In sozialistischen Staaten offenbarte sich dieser als <a href=\"https:\/\/de.wikipedia.org\/wiki\/Sozialistischer_Realismus\" target=\"_blank\">Sozialistischer Realismus<\/a>, dem Versuch, der Kunst starke Wirklichkeitsn\u00e4he zu verleihen und auf Abstraktion und \u00c4sthetisierung zu verzichten. Es ist nicht verwunderlich, wenn die Werke dieses Kunststiles derer des Nationalsozialismus sehr \u00e4hneln (bei den einen ist es der optimistisch nach vorn blickende Arbeiter, bei den anderen der Soldat, der Siegeswille ausstrahlt). Zu Kitsch verkommt so das ganze Leben, wenn kein Spielraum f\u00fcr Interpretationen bleibt, wenn Stereotype und Klischees jede Form der Originalit\u00e4t abl\u00f6st.<\/p>\n<p>In einer Demokratie kann man lt. Kundera \u201ader Inquisition durch den Kitsch noch entkommen\u2019. Es gibt Auswege und Ausweichm\u00f6glichkeiten. Trotzdem ist auch hier der Kitsch allgegenw\u00e4rtig, es ist ein allt\u00e4glicher Kitsch. Kitsch und Idylle sind die R\u00fcckzugsgebiete des Alltagsmenschen. Jeder schafft sich sein eigenes Idyll. Im Grunde ist der Kitsch (fast) jedermanns \u00e4sthetisches Ideal.<\/p>\n<p>Und wenn dann noch Politiker die B\u00fchne betreten (und sich am liebsten auch <em>sofort auf das erstbeste Kind st\u00fcrzen<\/em> m\u00f6chten), quillt der Saal \u00fcber von Kitsch.<\/p>\n<p>Kitsch l\u00e4sst sich als Gemenge aus Euphemismen, Verharmlosungen, Vorurteilen, Klischees und Illusionen, Verlogenheit, Wirklichkeitsflucht und falscher Geborgenheit interpretieren. Viele Politiker erf\u00fcllen die \u201aKriterien\u2019!<\/p>\n<p>Zum Roman <a target=\"_blank\" href=\"https:\/\/www.amazon.de\/gp\/search?ie=UTF8&#038;camp=1638&#038;creative=6742&#038;index=books&#038;keywords=kundera%20unertr%C3%A4gliche%20Leichtigkeit&#038;linkCode=ur2&#038;tag=familiealbin-21\"><strong>Die unertr\u00e4gliche Leichtigkeit des Seins<\/strong><\/a><img loading=\"lazy\" src=\"http:\/\/ir-de.amazon-adsystem.com\/e\/ir?t=familiealbin-21&#038;l=ur2&#038;o=3\" width=\"1\" height=\"1\" border=\"0\" alt=\"\" style=\"border:none !important; margin:0px !important;\" \/> sp\u00e4ter etwas mehr.<\/p>\n","protected":false},"excerpt":{"rendered":"<p>Die Verbr\u00fcderung aller Menschen dieser Welt wird nur durch den Kitsch zu begr\u00fcnden sein. Niemand wei\u00df das besser als die Politiker. Ist ein Fotoapparat in der N\u00e4he, st\u00fcrzen sie sich sofort auf das erstbeste Kind, um es auf den Arm zu nehmen und auf die Wangen zu k\u00fcssen. Der Kitsch ist das \u00e4sthetische Ideal aller &hellip; <a href=\"https:\/\/willizblog.de\/?p=8495\" class=\"more-link\"><span class=\"screen-reader-text\">Idylle &#038; Kitsch<\/span> weiterlesen <span class=\"meta-nav\">&rarr;<\/span><\/a><\/p>\n","protected":false},"author":1,"featured_media":0,"comment_status":"open","ping_status":"open","sticky":false,"template":"","format":"standard","meta":[],"categories":[15,14],"tags":[],"_links":{"self":[{"href":"https:\/\/willizblog.de\/index.php?rest_route=\/wp\/v2\/posts\/8495"}],"collection":[{"href":"https:\/\/willizblog.de\/index.php?rest_route=\/wp\/v2\/posts"}],"about":[{"href":"https:\/\/willizblog.de\/index.php?rest_route=\/wp\/v2\/types\/post"}],"author":[{"embeddable":true,"href":"https:\/\/willizblog.de\/index.php?rest_route=\/wp\/v2\/users\/1"}],"replies":[{"embeddable":true,"href":"https:\/\/willizblog.de\/index.php?rest_route=%2Fwp%2Fv2%2Fcomments&post=8495"}],"version-history":[{"count":0,"href":"https:\/\/willizblog.de\/index.php?rest_route=\/wp\/v2\/posts\/8495\/revisions"}],"wp:attachment":[{"href":"https:\/\/willizblog.de\/index.php?rest_route=%2Fwp%2Fv2%2Fmedia&parent=8495"}],"wp:term":[{"taxonomy":"category","embeddable":true,"href":"https:\/\/willizblog.de\/index.php?rest_route=%2Fwp%2Fv2%2Fcategories&post=8495"},{"taxonomy":"post_tag","embeddable":true,"href":"https:\/\/willizblog.de\/index.php?rest_route=%2Fwp%2Fv2%2Ftags&post=8495"}],"curies":[{"name":"wp","href":"https:\/\/api.w.org\/{rel}","templated":true}]}}