{"id":851,"date":"2007-05-20T01:11:07","date_gmt":"2007-05-19T23:11:07","guid":{"rendered":"http:\/\/www.willizblog.de\/?p=851"},"modified":"2007-05-20T01:11:07","modified_gmt":"2007-05-19T23:11:07","slug":"echte-skinheads-sind-keine-nazis","status":"publish","type":"post","link":"https:\/\/willizblog.de\/?p=851","title":{"rendered":"Echte Skinheads sind keine Nazis"},"content":{"rendered":"<p>Die meisten, die einem Skinhead auf der Stra\u00dfe begegnen, r\u00fcmpfen die Nase, weil sie denken: Wieder so ein elender Neo-Nazi! Nun, da ich selbst einen Skinhead zu Hause habe, der bekannterma\u00dfen kein Nazi ist, eher das Gegenteil, dann m\u00f6chte man den Leuten, die sich in der Szene nicht so ganz auskennen, gern auf die Spr\u00fcnge helfen.<\/p>\n<p><img src=\"https:\/\/www.albinz.net\/skinheads-Dateien\/slide0001_image001.png\" alt=\"Skinheads\" \/><\/p>\n<p>Mein gro\u00dfer Sohn (eben der Skinhead) hat eine Powerpoint-Pr\u00e4sentation zusammengestellt, die einige Infos zur Skinhead-Szene beinhalten. Ich habe diese Pr\u00e4sentation nun f\u00fcr das Internet aufgearbeitet, damit man sich das Ganze auch mit einem Webbrowser angucken kann. (Da Powerpoint ein Microsoft-Produkt ist, empfiehlt es sich, den MS Internet Explorer zum Angucken zu verwenden).<\/p>\n<p><a href=\"https:\/\/www.albinz.net\/skinheads.html\" target=\"_blank\">SKINHEADS &#8211; Eine Subkultur zwischen Neo-Faschismus und Arbeiterklasse<\/a><\/p>\n<p>\u2022 Skinheads sind eine Subkultur<br \/>\n\u2022 Sie sind in den 60ern in England entstanden<br \/>\n\u2022 Als englische Arbeiterkinder mit jamaikanischen Einwanderern und ihrer Musik in Kontakt kamen<br \/>\n\u2022 Dem Ska und dem Early Reggae<br \/>\n\u2022 Trugen typische Arbeiterkleidung, Stiefel, Jeans und Arbeiterhemd, und \u00fcbernahmen den jamaikanischen Musikstil<br \/>\n\u2022 Gr\u00f6\u00dftes Merkmal waren die kurzen Haare, die im Gegensatz zu den damals \u00fcblichen langen Haaren ungef\u00e4hr 1 bis 1,5 cm lang waren<br \/>\n\u2022 Bewegung war unpolitisch, aber man setzte sich f\u00fcr Einigkeit zwischen Schwarzen und Wei\u00dfen ein, da die \u201eRude Boys\u201c schwarz waren<\/p>\n<p>Ganz interessant ist auch die Website von <a href=\"http:\/\/www.du-sollst-skinheads-nicht-mit-nazis-verwechseln.de\/\" target=\"_blank\">du-sollst-skinheads-nicht-mit-nazis-verwechseln<\/a><\/p>\n<p>siehe hierzu auch meinen Beitrag: <a href=\"https:\/\/www.willizblog.de\/?p=574\" target=\"_blank\">Ska im Park<\/a><\/p>\n<p><img src=\"https:\/\/www.albinz.net\/images\/blodwyn_pig_getting_to_this.jpg\" alt=\"Skinheads anno 1972\" \/><\/p>\n","protected":false},"excerpt":{"rendered":"<p>Die meisten, die einem Skinhead auf der Stra\u00dfe begegnen, r\u00fcmpfen die Nase, weil sie denken: Wieder so ein elender Neo-Nazi! Nun, da ich selbst einen Skinhead zu Hause habe, der bekannterma\u00dfen kein Nazi ist, eher das Gegenteil, dann m\u00f6chte man den Leuten, die sich in der Szene nicht so ganz auskennen, gern auf die Spr\u00fcnge &hellip; <a href=\"https:\/\/willizblog.de\/?p=851\" class=\"more-link\"><span class=\"screen-reader-text\">Echte Skinheads sind keine Nazis<\/span> weiterlesen <span class=\"meta-nav\">&rarr;<\/span><\/a><\/p>\n","protected":false},"author":1,"featured_media":0,"comment_status":"closed","ping_status":"closed","sticky":false,"template":"","format":"standard","meta":[],"categories":[1,5],"tags":[],"_links":{"self":[{"href":"https:\/\/willizblog.de\/index.php?rest_route=\/wp\/v2\/posts\/851"}],"collection":[{"href":"https:\/\/willizblog.de\/index.php?rest_route=\/wp\/v2\/posts"}],"about":[{"href":"https:\/\/willizblog.de\/index.php?rest_route=\/wp\/v2\/types\/post"}],"author":[{"embeddable":true,"href":"https:\/\/willizblog.de\/index.php?rest_route=\/wp\/v2\/users\/1"}],"replies":[{"embeddable":true,"href":"https:\/\/willizblog.de\/index.php?rest_route=%2Fwp%2Fv2%2Fcomments&post=851"}],"version-history":[{"count":0,"href":"https:\/\/willizblog.de\/index.php?rest_route=\/wp\/v2\/posts\/851\/revisions"}],"wp:attachment":[{"href":"https:\/\/willizblog.de\/index.php?rest_route=%2Fwp%2Fv2%2Fmedia&parent=851"}],"wp:term":[{"taxonomy":"category","embeddable":true,"href":"https:\/\/willizblog.de\/index.php?rest_route=%2Fwp%2Fv2%2Fcategories&post=851"},{"taxonomy":"post_tag","embeddable":true,"href":"https:\/\/willizblog.de\/index.php?rest_route=%2Fwp%2Fv2%2Ftags&post=851"}],"curies":[{"name":"wp","href":"https:\/\/api.w.org\/{rel}","templated":true}]}}