{"id":8511,"date":"2014-06-14T09:15:21","date_gmt":"2014-06-14T08:15:21","guid":{"rendered":"http:\/\/www.willizblog.de\/?p=8511"},"modified":"2014-06-16T07:41:06","modified_gmt":"2014-06-16T06:41:06","slug":"es-ist-zeit-fur-veranderung","status":"publish","type":"post","link":"https:\/\/willizblog.de\/?p=8511","title":{"rendered":"Es ist Zeit f\u00fcr Ver\u00e4nderung"},"content":{"rendered":"<p><em>\u201eZeit f\u00fcr den Wechsel. <strong>Zeit f\u00fcr Dr. Peter D\u00f6rsam!<\/strong> Ich w\u00fcnsche mir, dass die Meinung der B\u00fcrgerinnen und B\u00fcrger \u2013 egal ob jung oder alt &#8211; zuk\u00fcnftig bei Entscheidungen mehr Gewicht bekommt und insbesondere die \u00c4ngste und Zweifel ernst genommen werden. Dass die Menschen in der Samtgemeinde Tostedt ihre Meinung und Kritik (insbesondere auch in sozialen Netzwerken und Blogs im Internet) wieder frei \u00e4u\u00dfern k\u00f6nnen, ohne dabei Gefahr zu laufen, <strong>Repressalien oder gar anwaltliche Abmahnungen<\/strong> &#8211; verbunden mit hohen Geldforderungen &#8211;  bekommen.<\/p>\n<p>Dass hiesige Gesch\u00e4ftsleute beispielsweise Unterschriftenlisten auslegen k\u00f6nnen, ohne dass sie deswegen <strong>ins Rathaus zitiert werden oder etwaige Nachteile in Kauf nehmen<\/strong> m\u00fcssen. Dass alle B\u00fcrgerinnen und B\u00fcrger &#8211; unabh\u00e4ngig von der Gesellschaftsschicht &#8211; mit vollem Respekt behandelt werden und nicht von oben herab.\u201c<\/p>\n<p><em>Zitat:<\/em> <\/em><strong>Nadja Weippert (31), Mitinitiatorin des <a href=\"http:\/\/historisches-tostedt-erhalten.de\/?page_id=50\" target=\"_blank\">B\u00fcrgerbegehrens \u201eKindergarten Dieckhofstra\u00dfe\u201c<\/a><\/strong><\/p>\n<p>siehe auch meinen Beitrag: <a href=\"https:\/\/www.willizblog.de\/?p=6659\" target=\"_blank\">Seltsame Methoden<\/a><\/p>\n","protected":false},"excerpt":{"rendered":"<p>\u201eZeit f\u00fcr den Wechsel. Zeit f\u00fcr Dr. Peter D\u00f6rsam! Ich w\u00fcnsche mir, dass die Meinung der B\u00fcrgerinnen und B\u00fcrger \u2013 egal ob jung oder alt &#8211; zuk\u00fcnftig bei Entscheidungen mehr Gewicht bekommt und insbesondere die \u00c4ngste und Zweifel ernst genommen werden. Dass die Menschen in der Samtgemeinde Tostedt ihre Meinung und Kritik (insbesondere auch in &hellip; <a href=\"https:\/\/willizblog.de\/?p=8511\" class=\"more-link\"><span class=\"screen-reader-text\">Es ist Zeit f\u00fcr Ver\u00e4nderung<\/span> weiterlesen <span class=\"meta-nav\">&rarr;<\/span><\/a><\/p>\n","protected":false},"author":1,"featured_media":0,"comment_status":"open","ping_status":"open","sticky":false,"template":"","format":"standard","meta":[],"categories":[12,11],"tags":[],"_links":{"self":[{"href":"https:\/\/willizblog.de\/index.php?rest_route=\/wp\/v2\/posts\/8511"}],"collection":[{"href":"https:\/\/willizblog.de\/index.php?rest_route=\/wp\/v2\/posts"}],"about":[{"href":"https:\/\/willizblog.de\/index.php?rest_route=\/wp\/v2\/types\/post"}],"author":[{"embeddable":true,"href":"https:\/\/willizblog.de\/index.php?rest_route=\/wp\/v2\/users\/1"}],"replies":[{"embeddable":true,"href":"https:\/\/willizblog.de\/index.php?rest_route=%2Fwp%2Fv2%2Fcomments&post=8511"}],"version-history":[{"count":0,"href":"https:\/\/willizblog.de\/index.php?rest_route=\/wp\/v2\/posts\/8511\/revisions"}],"wp:attachment":[{"href":"https:\/\/willizblog.de\/index.php?rest_route=%2Fwp%2Fv2%2Fmedia&parent=8511"}],"wp:term":[{"taxonomy":"category","embeddable":true,"href":"https:\/\/willizblog.de\/index.php?rest_route=%2Fwp%2Fv2%2Fcategories&post=8511"},{"taxonomy":"post_tag","embeddable":true,"href":"https:\/\/willizblog.de\/index.php?rest_route=%2Fwp%2Fv2%2Ftags&post=8511"}],"curies":[{"name":"wp","href":"https:\/\/api.w.org\/{rel}","templated":true}]}}