{"id":857,"date":"2007-05-25T01:53:17","date_gmt":"2007-05-24T23:53:17","guid":{"rendered":"http:\/\/www.albinz.de\/blog\/?p=857"},"modified":"2014-10-09T13:03:22","modified_gmt":"2014-10-09T12:03:22","slug":"was-ist-blos-mit-ian-los-teil-65-schimanski-hort-tull","status":"publish","type":"post","link":"https:\/\/willizblog.de\/?p=857","title":{"rendered":"Was ist blo\u00df mit Ian los? Teil 65: Schimanski h\u00f6rt Tull"},"content":{"rendered":"<p><em>Hallo Kretakatze, hallo Lockwood,<\/em><\/p>\n<p><em>Inzwischen hat sich ja eine Menge Holz angesammelt.<\/em><\/p>\n<p><em>Komme ich zun\u00e4chst auf<\/em> Herman van Veen <em>zu sprechen. Ja, der Mann hat etwas. Vom ihm kommt eine gelassene Heiterkeit her\u00fcber (siehe u.a. Videos bei youtube), die ansteckend wird. Leider hatte ich ihn in den letzten Jahren auch aus den Augen verloren. Das Album \u201eDie Anziehungskraft der Erde\u201c  kenne ich z.B. nicht. Daf\u00fcr habe ich aber das Weihnachtsalbum von ihm, das sehr sch\u00f6ne Lieder enth\u00e4lt (vielleicht zu Weihnachten dazu etwas mehr).<\/em><\/p>\n<p><em>Ja, es gibt u.a. durch die Geburt meiner Kinder ein schwarzes Loch in meiner Biografie, was das Interesse f\u00fcr Musik betrifft. Zwar habe ich auch in den 90-er Jahren die eine oder andere Scheibe gekauft, aber ich bin kaum zum Zuh\u00f6ren gekommen.<\/em><\/p>\n<p><em>Der <a href=\"http:\/\/horstschimanski.info\/\" target=\"_blank\">Schimanski<\/a>, den Du, Lockwood, gesehen hast, war wohl der neueste: \u201eTod in der Siedlung\u201c, irgendwann Ende April gesendet, oder? Ich habe nur kurz den Bericht in der TV-Zeitschrift gelesen. Es endet wohl, wie der Schimanski vor vielen Jahren begann: Alle Pfannen sind dreckig, so schl\u00fcrft er ein Ei aus dem Glas &#8230; Und dazu der Tull-Titel? Nicht zu glauben.<\/em><\/p>\n<p><object width=\"425\" height=\"355\"><param name=\"movie\" value=\"https:\/\/www.youtube.com\/v\/KgWFugepyiY&#038;rel=1\"><\/param><param name=\"wmode\" value=\"transparent\"><\/param><embed src=\"https:\/\/www.youtube.com\/v\/KgWFugepyiY&#038;rel=1\" type=\"application\/x-shockwave-flash\" wmode=\"transparent\" width=\"425\" height=\"355\"><\/embed><\/object><\/p>\n<p><em>Fr\u00fcher hatte ich schon einmal geforscht, in welchen Filmen die Musik von Jethro Tull verwendet wurde. Im Soundtrack (d.h. auf der CD) zu Michael Moores \u201aFahrenheit 9\/11\u201c ist Aqualung enthalten, im Film selbst habe ich es aber nicht gefunden (\u00dcberh\u00f6rt? Unerh\u00f6rt!). Und dann gibt es mindestens noch 2, 3 Filme. Fragt mich aber nicht nach den Titeln. Kennt Ihr Filme, die im Soundtrack Tull-Musik enthalten?<\/em><\/p>\n<p><em>Von Kretakatzes Entschwinden nach Kreta zum Tull-Konzert hatte ich im Laufi-Forum gelesen. Und Du willst es also ohne Eintrittskarte wagen? Sch\u00f6n mutig! Den Kreditkartentipp kann ich nur wiederholen. Ich bin alles andere als ein Freund von Plastikgeld. Aber im Laufe der Jahre hat sich so ein K\u00e4rtchen doch bezahlt gemacht, wenn es um Eink\u00e4ufe au\u00dferhalb Deutschlands ging. Inzwischen gibt es da auch andere Verfahren (PayPal usw.), die wohl noch etwas sicherer sind. Leider wird das nicht \u00fcberall akzeptiert. Ich dr\u00fcck Dir auf jeden Fall die Daumen, dass Du noch ein Ticket f\u00fcr das Konzert bekommst. Ich stelle mir das sehr sch\u00f6n vor, so im Urlaub im sonnigen S\u00fcden ein Tull-Konzert mitzubekommen. Da w\u00fcrde ich mir sogar die jetzige Formation antun wollen. Mit meinem Urlaub ist es noch etwas hin (und da gibt es kein Tull-Konzert).<\/em><\/p>\n<p><em>Unser guter Lockwood hat ja wohl jegliche Anderson-M\u00fcdigkeit abgestreift mit seinem Broadsword-Ausf\u00fchrungen. Da sieht man Herrn Anderson tats\u00e4chlich das Schwert ergreifen und den Wikingern entgegenziehen. Sicherlich l\u00e4sst sich das Lied auch anders interpretieren (die Wikinger-Horden sind heute andere), aber belassen wir es beim Bild des schwertschwingenden Fl\u00f6tenkobolds.<\/em><\/p>\n<p><img src=\"https:\/\/www.albinz.net\/models\/broardsword.jpg\" alt=\"Ian Anderson &#038; kein Breitschwert\" \/><\/p>\n<p><em>Und \u00fcberhaupt zur Anderson-Wikinger-Debatte: Ich denke, durch die Adern des Meisters flie\u00dft das Blut viele V\u00f6lkerst\u00e4mme. Durch die V\u00f6lkerwanderungen, die auch Schottland nicht verschont haben, hat sich viel Blut gemischt. Und neben den 2-3 Liter Skotenblut werden sich mit Sicherheit auch einige Tropfen Wikingerblut finden. Wenn Neonazis heute \u201eDeutschland den Deutschen!\u201c br\u00fcllen, dann stellt sich die Frage, was ist eigentlich deutsch? Vielleicht ist der Ausl\u00e4nder, den ein Nazi gerade den Sch\u00e4del einschl\u00e4gt, deutscher als er selbst. Aber warten wir die DNA-Analyse von Ian Anderson ab (Lockwood, unser Gen-Spezialist).<\/em><\/p>\n<p><em>Nun denn, ich w\u00fcnsche eine arbeitsame Woche. Und man\/frau liest voneinander.<\/em><\/p>\n<p><em>Cheerio<\/em><br \/>\n<em>Wilfried<\/em><\/p>\n<p>P.S. Bin nun doch f\u00fcndig geworden betr. <a href=\"http:\/\/www.imdb.com\/name\/nm1432618\/filmoyear\" target=\"_blank\">Film-Soundtracks mit Tull-Musik<\/a><\/p>\n<p>21.05.2007<\/p>\n<p>~~~~~~~~~~~~~~~~~~~~~~~~~~~~~~~~~~~~~~~~~~~~~~~~~~~~~~~~~~~~~~~~~~~~<\/p>\n<p><em>Hallo Kretakatze, Hallo Wilfried,<\/em><\/p>\n<p><em>unser guter Hermann van Veen. Mir gef\u00e4llt an ihm seine leicht vertr\u00e4umte Art. Diese liebensw\u00fcrdige Mischung aus Heiterkeit, Melancholie und Tiefgr\u00fcndigkeit. Seine Beobachtungsgabe und die F\u00e4higkeit, diese Beobachtungen in Liedern umzusetzen. Meist wird er heutzutage als Harlekin bezeichnet, aber in den 70er Jahren, als ich ihn f\u00fcr mich entdeckte, galt er als Liedermacher. Egal, unter welchem Etikett er gerade auftritt, er findet mit seinen Songs jedenfalls den Weg unter meine Haut. Und das schaffen nicht viele S\u00e4nger.<\/em><\/p>\n<p><em>Zur Kombination Schimanski \/ Anderson:<\/em><br \/>\n<em>Der Film hie\u00df tats\u00e4chlich Tod in der Siedlung. Und trotz aller ungesp\u00fclten T\u00f6pfe und Pfannen in Schimis K\u00fcche passte Wondering aloud zur Situation. Ich denke, der Titel ist nicht zuf\u00e4llig ausgew\u00e4hlt worden. W\u00e4hrend Schimanski sein rohes Ei aus dem Glas schl\u00fcrft, steht er am Fenster und sieht den Wagen seiner Freundin vorfahren. Das zaubert ein L\u00e4cheln auf seine markanten Z\u00fcge. Dazu passen die getragenen Harmonien von Wondering aloud wunderbar. Auch inhaltlich haut der Song hin; geht es doch im Text um einen Mann, der liebevoll an seine Frau \/ Freundin denkt.<\/em><\/p>\n<p><em>Ich kenne au\u00dfer dem Schimanski keinen einzigen Film mit JT &#8211; Soundtrack. Auch die Filme, die Du, Wilfried, angelinkt hast, sind mir vollkommen fremd. Eigentlich seltsam, dass Mr. Anderson sich in diesem Metier so rar gemacht hat. Ich glaube, ich habe vor Monaten geschrieben, dass ich mir gut h\u00e4tte vorstellen k\u00f6nnen, dass JT die Filmmusik zur Herr der Ringe &#8211; Trilogie h\u00e4tten beisteuern k\u00f6nnen. Als alter normannischer Kelte h\u00e4tte Mr. Anderson gut in das Tolkien-Universum gepasst.<\/em><\/p>\n<p><em>Zu meinen Broadsword-Theorien m\u00f6chte ich noch etwas sagen:<\/em><br \/>\n<em>Der Text des Liedes ist -wie immer- alles andere als eindeutig. H\u00e4tte man die von mir zitierten Textstellen von einer anderen Seite  beleuchtet, w\u00e4re ein ganz anderes Ergebnis denkbar. Um es auf die Spitze zu treiben: Ein armer m\u00fcder Wikinger steht an seinem kargen felsigen Gestade und sieht ein Schiff voller militanter Rheinl\u00e4nder auf sich zukommen. Oder ein Schiff voller Narren.  Oder Touristen. Ich will nur sagen: Der Text l\u00e4sst viele Interpretationen zu. Je nach Weltbild und pers\u00f6nlicher Stimmung. Meine Theorie des Winkingerangriffs erhebt keinerlei Anspruch auf Alleing\u00fcltigkeit. Aber, wie Wilfried schon gesagt hat, das Bild des wehrhaften Ian Anderson, der an der K\u00fcste seiner schottischen Heimat steht und seine Klinge mit patriotischem Zischen durch die Luft sausen l\u00e4sst, erfreut jeden Tull-Fan.<\/em><\/p>\n<p><em>Der Fl\u00f6tenkobold auf dem Cover tr\u00e4gt \u00fcbrigens kein Breitschwert. Ich bin nicht sicher, ob es solche sich \u00fcber die gesamte L\u00e4nge verj\u00fcngenden Schwertklingen jemals gegeben hat oder ob sie eine Erfindung der Comiczeichner sind.<\/em><\/p>\n<p><em>Eine letzte Stellungnahme von mir zur V\u00f6lker-DNA:<\/em><br \/>\n<em>Das deutsche Blut, wie es im Dritten Reich propagiert wurde, gibt es \u00fcberhaupt nicht. F\u00fcr diese Erkenntnis muss man kein Biochemiker sein, es reicht ein Blick auf die europ\u00e4ische Geschichte der letzten 15 Jahrhunderte. Das Volk, das sich heute &#8222;die Deutschen&#8220; nennt, tr\u00e4gt einen Gen-Cocktail aus keltischen, germanischen, slawischen und asiatischen (!) Einfl\u00fcssen in sich. Wie man einen solchen Salat ernsthaft mit einer einzigen Nation in Verbindung bringen kann, ist mir schleierhaft. Eines m\u00fcssen wir uns vor Augen halten: H\u00e4tte es das R\u00f6mische Imperium nicht gegeben, den Hunnensturm und die V\u00f6lkerwanderung, w\u00fcrde es uns heute auch nicht geben. Es w\u00fcrde andere Menschen geben, aber nicht Kretakatze, Wilfired und Lockwood. Die Welt war schon immer multi-kulti, nur machten Kaiser Augustus und Attila nicht so ein Theater darum.<\/em><\/p>\n<p><em>Ich hoffe, ich habe niemanden gelangweilt.<\/em><br \/>\n<em>Lockwood<\/em><\/p>\n<p>21.05.2007<\/p>\n<p>~~~~~~~~~~~~~~~~~~~~~~~~~~~~~~~~~~~~~~~~~~~~~~~~~~~~~~~~~~~~~~~~~~~~~<\/p>\n<p><em>Hallo Wilfried, Hallo Lockwood,<\/em><\/p>\n<p><em>tut mir leid, wenn ich Euch mit meiner Wikinger-Theorie aufs Glatteis gef\u00fchrt habe. Ich dachte eigentlich, diese Geschichte w\u00e4re so albern, dass sie mit Sicherheit niemand ernst nehmen w\u00fcrde. Allerdings hatte ich auch keine Ahnung, dass jemals tats\u00e4chlich Wikinger in die N\u00e4he von Schottland gekommen sind, geschweige denn, dass es sogar Wikinger-\u00dcberf\u00e4lle gegeben hat. Da bin ich jetzt platt. Aber ein blindes Huhn trifft eben auch mal ein Korn. Ich hatte eigentlich aufgrund des &#8222;dark sail&#8220; intuitiv immer an einen Piraten\u00fcberfall gedacht. Oder wer verwendet denn dunkle Segel?<\/em><\/p>\n<p><em>Auf jeden Fall nochmals vielen Dank f\u00fcr die ausf\u00fchrliche Info &#8211; was Ihr alles wisst&#8230; Da lernt man doch immer gerne noch dazu. Irgendwelche historischen oder ethnologischen Kenntnisse d\u00fcrft Ihr bei mir n\u00e4mlich nicht voraussetzen. Auch von Musik habe ich im Prinzip keine Ahnung, ich bin kein Musiker. Ich komme zu meinen Ansichten und Behauptungen aus dem hohlen Bauch heraus, daf\u00fcr aber mit umso mehr \u00dcberzeugung.<\/em><\/p>\n<p><em>Wovon ich allerdings wirklich etwas verstehe sind blonde Griechen, und deshalb jetzt noch einmal zum Thema der Hellenen. Dazu muss ich wieder etwas ausholen.<\/em><\/p>\n<p><em>Vor Jahren war ich mit einem Griechen befreundet, der hier an der \u00f6rtlichen griechischen Schule Griechisch-Unterricht f\u00fcr griechische Kinder erteilt hat. Er hat mir erz\u00e4hlt, dass er in Athen an der Uni Deutsch gelernt hat, weil das dort Voraussetzung daf\u00fcr ist, dass man Altgriechisch studieren kann. Nahezu alle Literatur zur Altgriechischen Sprache ist n\u00e4mlich in Deutsch verfasst (und offensichtlich auch nie ins Neugriechische \u00fcbersetzt worden). Die Wissenschaftler, die die Altgriechische Sprache erforscht haben, waren fast ausnahmslos Deutsche. Daher kommt es auch, dass das Altgiechische so deutsch klingt, es sind griechische Buchstaben deutsch ausgesprochen. Da es keine Tonbandaufzeichnungen davon gibt, wie die alten Griechen Ihre Buchstaben ausgesprochen haben, haben sich die deutschen Sprachforscher selbst etwas ihrer Meinung nach Passendes \u00fcberlegt, und das hatte dann naturgem\u00e4\u00df ziemliche \u00c4hnlichkeit mit dem Deutschen. Ein Grieche bekommt das ohne deutsches Sprachtraining nicht \u00fcber die Lippen.<\/em><\/p>\n<p><em>Mit dem Aussehen der alten Hellenen wird es nicht anders sein. Soweit ich wei\u00df gibt es keine 2000 Jahre alten griechischen Farbzeichnungen, die blonde Menschen mit blauen Augen darstellen. Es gibt lediglich ein paar Marmorstatuen, denen die Haar- und Augenfarbe nicht anzusehen ist. Auch hier waren es wieder vor allem deutsche und britische Arch\u00e4ologen, die die Kultur erforscht haben, und nat\u00fcrlich haben sie sich ihre Helden entsprechend dem damaligen mitteleurop\u00e4ischen Sch\u00f6nheitsideal vorgestellt &#8211; blond und blau\u00e4ugig. Sieht man sich dagegen antike Wandmalereien oder bemalte Vasen an, dann haben dort alle Menschen schwarze Haare und dunkle Augen.<\/em><\/p>\n<p><em>Dass es in Griechenland und besonders auf Kreta heute einen nicht ganz unerheblichen Anteil blonde Menschen gibt, wird andere Gr\u00fcnde haben. Bereits zur Zeit der Kreuzz\u00fcge haben Mittel- und Westeurop\u00e4er auf ihrem Weg nach und von Jerusalem auf Kreta Zwischenstation gemacht. Die Franken, wie sie in Griechenland genannt werden, hatten dabei auch Teile Griechenlands unterworfen. Manche haben sich dabei die Zeit genommen Burgen zu bauen, da werden sie auch noch Zeit f\u00fcr anderes gefunden haben. Einige sind bestimmt auch ganz h\u00e4ngengeblieben. Sp\u00e4ter haben die Venetianer Kreta regiert. Im 19. Jahrhundert war ein Bayer K\u00f6nig von Griechenland, vielleicht hat er ein paar Landsleute mitgebracht, usw..<\/em><\/p>\n<p><em>Damit das heute nicht v\u00f6llig Tull-frei wird noch kurz eine Bemerkung zu meinen Jethro Tull Ambitionen f\u00fcr Kreta (h\u00e4tte ich mir ja eigentlich denken k\u00f6nnen, dass auch Ihr Euch bei Laufi auf dem Laufenden haltet). Ja, ich habe immernoch keine Karte f\u00fcr das Konzert am 23.06., und es ist mir schon bewu\u00dft, dass unter Umst\u00e4nden ausverkauft ist, bis ich am 17.06. nach Kreta komme. Aber wie ich schon einmal erw\u00e4hnte bin ich von eher sparsamer Natur, und 28 EUR Versandkosten f\u00fcr ein Ticket, das in einen Umschlag zu 55 Cent passt &#8211; das widerspricht meinem Gef\u00fchl f\u00fcr \u00f6konomische Relationen. In solchen F\u00e4llen neige ich dann zu der fatalistischen Einstellung, dass ich das Schicksal entscheiden lassen muss &#8211; wenn ausverkauft ist, dann musste das halt so sein. Ich habe ja noch eine zweite Chance in Calw am 21.07.. Ich kann mir eigentlich kaum vorstellen, dass dort am 02.07. (nachdem ich aus Kreta zur\u00fcck bin) schon ausverkauft ist. Oder doch? Ich denke, ich werde mich meinem Schicksal f\u00fcgen m\u00fcssen.<\/em><\/p>\n<p><em>In diesem Sinne liebe Gr\u00fc\u00dfe<\/em><br \/>\n<em>Kretakatze<\/em><\/p>\n<p><em><strong>PS.:<\/strong> Jetzt arbeite ich schon seit Himmelfahrt an einem Werk \u00fcber die Ber\u00fchrungspunkte zwischen Jethro Tull und griechischer Musik, aber bei der aktuellen Mail-Frequenz werde ich wahrscheinlich nie fertig. Mir tut der arme Wilfried leid, er wird bald unter der Flut begraben sein&#8230;<\/em><\/p>\n<p>22.05.2007<\/p>\n<p><a href=\"http:\/\/babelfish.altavista.com\/babelfish\/trurl_pagecontent?url=https:\/\/www.willizblog.de\/?p=857&#038;lp=de%5Fen\" target=\"_blank\">English Translation for Ian Anderson<\/a><\/p>\n","protected":false},"excerpt":{"rendered":"<p>Hallo Kretakatze, hallo Lockwood, Inzwischen hat sich ja eine Menge Holz angesammelt. Komme ich zun\u00e4chst auf Herman van Veen zu sprechen. Ja, der Mann hat etwas. Vom ihm kommt eine gelassene Heiterkeit her\u00fcber (siehe u.a. Videos bei youtube), die ansteckend wird. Leider hatte ich ihn in den letzten Jahren auch aus den Augen verloren. Das &hellip; <a href=\"https:\/\/willizblog.de\/?p=857\" class=\"more-link\"><span class=\"screen-reader-text\">Was ist blo\u00df mit Ian los? Teil 65: Schimanski h\u00f6rt Tull<\/span> weiterlesen <span class=\"meta-nav\">&rarr;<\/span><\/a><\/p>\n","protected":false},"author":6,"featured_media":0,"comment_status":"closed","ping_status":"closed","sticky":false,"template":"","format":"standard","meta":[],"categories":[43,441],"tags":[],"_links":{"self":[{"href":"https:\/\/willizblog.de\/index.php?rest_route=\/wp\/v2\/posts\/857"}],"collection":[{"href":"https:\/\/willizblog.de\/index.php?rest_route=\/wp\/v2\/posts"}],"about":[{"href":"https:\/\/willizblog.de\/index.php?rest_route=\/wp\/v2\/types\/post"}],"author":[{"embeddable":true,"href":"https:\/\/willizblog.de\/index.php?rest_route=\/wp\/v2\/users\/6"}],"replies":[{"embeddable":true,"href":"https:\/\/willizblog.de\/index.php?rest_route=%2Fwp%2Fv2%2Fcomments&post=857"}],"version-history":[{"count":0,"href":"https:\/\/willizblog.de\/index.php?rest_route=\/wp\/v2\/posts\/857\/revisions"}],"wp:attachment":[{"href":"https:\/\/willizblog.de\/index.php?rest_route=%2Fwp%2Fv2%2Fmedia&parent=857"}],"wp:term":[{"taxonomy":"category","embeddable":true,"href":"https:\/\/willizblog.de\/index.php?rest_route=%2Fwp%2Fv2%2Fcategories&post=857"},{"taxonomy":"post_tag","embeddable":true,"href":"https:\/\/willizblog.de\/index.php?rest_route=%2Fwp%2Fv2%2Ftags&post=857"}],"curies":[{"name":"wp","href":"https:\/\/api.w.org\/{rel}","templated":true}]}}