{"id":8643,"date":"2014-07-21T08:56:49","date_gmt":"2014-07-21T07:56:49","guid":{"rendered":"http:\/\/www.willizblog.de\/?p=8643"},"modified":"2014-07-21T08:56:49","modified_gmt":"2014-07-21T07:56:49","slug":"sommergarten-2014-wilde-karden","status":"publish","type":"post","link":"https:\/\/willizblog.de\/?p=8643","title":{"rendered":"Sommergarten 2014: wilde Karden"},"content":{"rendered":"<p>Bei manchen Pflanzen in unserem Garten wissen wir gar nicht, wie sie dort hingekommen sind. Die Natur \u201abesorgt\u2019 es sich selbst. So haben wir jetzt zwei Pflanzen, die wir zun\u00e4chst f\u00fcr <a href=\"https:\/\/de.wikipedia.org\/wiki\/Disteln\" target=\"_blank\">Disteln<\/a> hielten, die sich aber als <a href=\"https:\/\/de.wikipedia.org\/wiki\/Karden\" target=\"_blank\">Karden<\/a>, genauer als wilde Karden \u201aentpuppten\u2019: <\/p>\n<p>Die <a href=\"https:\/\/de.wikipedia.org\/wiki\/Wilde_Karde\" target=\"_blank\">Wilde Karde<\/a> (Dipsacus fullonum L., Syn.: Dipsacus sylvestris Huds.) ist eine Pflanzenart, die zur Unterfamilie der Kardengew\u00e4chse (Dipsacoideae) geh\u00f6rt. Der Name Dipsacus kommt aus dem griechischen <em>dipsa<\/em> f\u00fcr Durst: Nach Regen sammelt sich in den Trichtern der St\u00e4ngelbl\u00e4tter das Wasser, das V\u00f6gel oder Wanderer trinken k\u00f6nnen.<\/p>\n<table border=\"0\" cellpadding=\"2\" cellspacing=\"0\" width=\"100%\">\n<tr>\n<td width=\"50%\">\n<p align=\"center\"><img loading=\"lazy\" border=\"0\" src=\"https:\/\/www.willizblog.de\/images\/garten2014_07_karde01.jpg\" alt=\"AlbinZ Sommergarten 2014: wilde Karde\" title=\"AlbinZ Sommergarten 2014: wilde Karde\" width=\"270\" height=\"360\"><\/td>\n<td width=\"50%\">\n<p align=\"center\"><img loading=\"lazy\" border=\"0\" src=\"https:\/\/www.willizblog.de\/images\/garten2014_07_karde02.jpg\" alt=\"AlbinZ Sommergarten 2014: wilde Karde\" title=\"AlbinZ Sommergarten 2014: wilde Karde\" width=\"270\" height=\"360\"><\/td>\n<\/tr>\n<tr>\n<td width=\"100%\" colspan=\"2\">\n<p align=\"center\"><font face=\"Lucida Grande, Lucida Sans Unicode, Verdana, sans-serif\" size=\"2\">AlbinZ Sommergarten 2014: wilde Karde<\/font><\/td>\n<\/tr>\n<tr>\n<td width=\"100%\" colspan=\"2\">\n<p align=\"center\"><img loading=\"lazy\" border=\"0\" src=\"https:\/\/www.willizblog.de\/images\/garten2014_07_karde03.jpg\" alt=\"AlbinZ Sommergarten 2014: wilde Karde\" title=\"AlbinZ Sommergarten 2014: wilde Karde\" width=\"540\" height=\"405\"><\/td>\n<\/tr>\n<\/table>\n<p>Bemerkenswert sind die hell-lila Bl\u00fcten. Die Bl\u00fcte beginnt in der Mitte des Bl\u00fctenkopfes ringartig und wandert dann nach oben und unten. Die Fr\u00fcchte werden ca. 5 mm lang und braun-schwarz gef\u00e4rbt. Die kleinen N\u00fcsse werden bei einer Ber\u00fchrung der Pflanze weit herausgeschleudert, da der St\u00e4ngel jeder Ber\u00fchrung federnd nachgibt (siehe: <a href=\"http:\/\/www.natur-lexikon.com\/Texte\/MZ\/002\/00173-Wilde-Karde\/MZ00173-Wilde-Karde.html\" target=\"_blank\">natur-lexikon.de<\/a>).<\/p>\n<p>Fr\u00fcher wurden die getrockneten, stacheligen Kardenk\u00f6pfe zum Karden (K\u00e4mmen) der Wolle benutzt, eine wichtige Vorbereitung vor dem Spinnen zu Garn. Als Heilpflanze ist die Karde relativ unbekannt. Durch die F\u00e4higkeit ihrer Wurzel gegen <a href=\"https:\/\/de.wikipedia.org\/wiki\/Borreliose\" target=\"_blank\">Borreliose<\/a> zu helfen, gewinnt die Karde jedoch zunehmend an Bedeutung (siehe: <a href=\"http:\/\/www.heilkraeuter.de\/lexikon\/karde.htm\" target=\"_blank\">heilkraeuter.de<\/a>).<\/p>\n<p>Die wilde Karde ist besonders bei Hummeln sehr beliebt. Im Winter sind es V\u00f6gel (z.B. Distelfinken), welche die Samen der Pflanze verzehren. Die getrockneten Bl\u00fctenst\u00e4nde werden auch gern von Blumenh\u00e4ndlern f\u00fcr Gestecke genutzt. Vielleicht sind die Pflanzen auf diesem Weg (\u00fcber ein Blumengesteck) zu uns in den Garten gelangt.<\/p>\n","protected":false},"excerpt":{"rendered":"<p>Bei manchen Pflanzen in unserem Garten wissen wir gar nicht, wie sie dort hingekommen sind. Die Natur \u201abesorgt\u2019 es sich selbst. So haben wir jetzt zwei Pflanzen, die wir zun\u00e4chst f\u00fcr Disteln hielten, die sich aber als Karden, genauer als wilde Karden \u201aentpuppten\u2019: Die Wilde Karde (Dipsacus fullonum L., Syn.: Dipsacus sylvestris Huds.) ist eine &hellip; <a href=\"https:\/\/willizblog.de\/?p=8643\" class=\"more-link\"><span class=\"screen-reader-text\">Sommergarten 2014: wilde Karden<\/span> weiterlesen <span class=\"meta-nav\">&rarr;<\/span><\/a><\/p>\n","protected":false},"author":1,"featured_media":0,"comment_status":"open","ping_status":"open","sticky":false,"template":"","format":"standard","meta":[],"categories":[16],"tags":[],"_links":{"self":[{"href":"https:\/\/willizblog.de\/index.php?rest_route=\/wp\/v2\/posts\/8643"}],"collection":[{"href":"https:\/\/willizblog.de\/index.php?rest_route=\/wp\/v2\/posts"}],"about":[{"href":"https:\/\/willizblog.de\/index.php?rest_route=\/wp\/v2\/types\/post"}],"author":[{"embeddable":true,"href":"https:\/\/willizblog.de\/index.php?rest_route=\/wp\/v2\/users\/1"}],"replies":[{"embeddable":true,"href":"https:\/\/willizblog.de\/index.php?rest_route=%2Fwp%2Fv2%2Fcomments&post=8643"}],"version-history":[{"count":0,"href":"https:\/\/willizblog.de\/index.php?rest_route=\/wp\/v2\/posts\/8643\/revisions"}],"wp:attachment":[{"href":"https:\/\/willizblog.de\/index.php?rest_route=%2Fwp%2Fv2%2Fmedia&parent=8643"}],"wp:term":[{"taxonomy":"category","embeddable":true,"href":"https:\/\/willizblog.de\/index.php?rest_route=%2Fwp%2Fv2%2Fcategories&post=8643"},{"taxonomy":"post_tag","embeddable":true,"href":"https:\/\/willizblog.de\/index.php?rest_route=%2Fwp%2Fv2%2Ftags&post=8643"}],"curies":[{"name":"wp","href":"https:\/\/api.w.org\/{rel}","templated":true}]}}