{"id":8651,"date":"2014-07-23T06:46:48","date_gmt":"2014-07-23T05:46:48","guid":{"rendered":"http:\/\/www.willizblog.de\/?p=8651"},"modified":"2014-07-22T09:56:44","modified_gmt":"2014-07-22T08:56:44","slug":"heute1914-100-sekunden-vor-100-jahren","status":"publish","type":"post","link":"https:\/\/willizblog.de\/?p=8651","title":{"rendered":"heute1914 &#8211; 100 Sekunden vor 100 Jahren"},"content":{"rendered":"<p>Der <a href=\"https:\/\/de.wikipedia.org\/wiki\/Erster_Weltkrieg\" target=\"_blank\">Erste Weltkrieg<\/a> \u2013 die \u201aUrkatastrophe\u2019 (<a href=\"https:\/\/de.wikipedia.org\/wiki\/George_F._Kennan\" target=\"_blank\">George F. Kennan<\/a>) des 20.Jahrhunderts. Im Sommer 1914, also vor 100 Jahren, begann eine Krise, die in einen furchtbaren, m\u00f6rderischen und langen Krieg m\u00fcndete. Wie geriet der Kontinent an den Rand des Abgrunds? Warum setzte die katastrophale Kettenreaktion ein \u2013 und wie haben die Menschen diese Entwicklungen erlebt? Das neuartige nachrichtlich-dokumentarische Format <em>\u201eheute1914 \u2013 100 Sekunden vor 100 Jahren\u201c<\/em> des <a href=\"https:\/\/de.wikipedia.org\/wiki\/ZDF\" target=\"_blank\">ZDF<\/a> gibt Einblicke in die Geschichte und das Lebensgef\u00fchl der Zeit zu Beginn des Ersten Weltkriegs.<\/p>\n<p><a href=\"http:\/\/blog.zdf.de\/heute1914\/2014\/06\/24\/moderne-nachrichten-aus-der-vergangenheit\/\" target=\"_blank\">Moderne Nachrichten aus der Vergangenheit<\/a><\/p>\n<p><em>\u201eheute1914 \u2013 100 Sekunden vor 100 Jahren\u201c<\/em> ist ein neues Format, das den Zuschauer informiert, unterh\u00e4lt und zugleich historisches Wissen vermittelt. Die Sendungen bringen die Ereignisse rund um den Ausbruch des Ersten Weltkrieges f\u00fcr den Zuschauer von heute auf den Punkt: In 30 Folgen gehen wir auf Entdeckungsreise, tauchen ein in die bekannten und unbekannten Ereignisse rund um den Ausbruch des Ersten Weltkrieges \u2013 in moderner Kurzform.<\/p>\n<p><em>\u201eDie Verbindung von Bildern aus dem letzten Jahrhundert mit den topmodernen 100sec-heute-Nachrichten soll zum Nachdenken anregen, warum und wie schnell es damals zur Katastrophe kommen konnte. J\u00fcngste Erfahrungen zeigen ja, dass aus einem Ereignis auch heute noch schnell ein Krieg werden kann\u201c<\/em>, sagt der stellvertretende Chefredakteur des ZDF, <a href=\"https:\/\/de.wikipedia.org\/wiki\/Elmar_Theve%C3%9Fen\" target=\"_blank\">Elmar Theve\u00dfen<\/a>.<\/p>\n<p>Die einzelnen Folgen von <em>heute1914<\/em> werden auf der Seite <a href=\"http:\/\/heute1914.zdf.de\/\" target=\"_blank\"><strong>heute1914.zdf.de<\/strong><\/a> gesammelt. Dort werden sie in einem Rhythmus ver\u00f6ffentlicht, der den Ereignissen vor genau 100 Jahren entspricht.<\/p>\n<ul><img src=\"http:\/\/upload.wikimedia.org\/wikipedia\/commons\/thumb\/9\/9d\/HL_Damals_%E2%80%93_L%C3%BCbecker_Anzeigen.jpg\/404px-HL_Damals_%E2%80%93_L%C3%BCbecker_Anzeigen.jpg\" alt=\"L\u00fcbeckische Anzeigen, Nr. 385, Ausgabe A vom 2. August 1914: Deutsche Mobilmachung\" title=\"L\u00fcbeckische Anzeigen, Nr. 385, Ausgabe A vom 2. August 1914: Deutsche Mobilmachung\" \/><br \/>\nL\u00fcbeckische Anzeigen, Nr. 385, Ausgabe A vom 2. August 1914: Deutsche Mobilmachung<\/ul>\n<p>Auch die <a href=\"https:\/\/de.wikipedia.org\/wiki\/ARD\" target=\"_blank\">ARD<\/a> wartet mit einem <em>Spezial<\/em> im Internet auf: Der Erste Weltkrieg (1914 &#8211; 1918) war der erste industriell gef\u00fchrte Massenkrieg in der Geschichte der Menschheit. Niemals zuvor k\u00e4mpften Armeen in solch gigantischen Gr\u00f6\u00dfenordnungen gegeneinander. Am Ende befanden sich drei Viertel der Weltbev\u00f6lkerung im Kriegszustand &#8211; mehr als 17 Millionen Menschen starben. Ein <a href=\"http:\/\/www.ard.de\/home\/wissen\/ARD_de_Spezial_zum_Beginn_des_Ersten_Weltkriegs_vor_100_Jahren\/629098\/index.html\" target=\"_blank\"><strong>ARD.de-Spezial anl\u00e4sslich des Kriegsbeginns vor 100 Jahren<\/strong><\/a>.<\/p>\n<p><iframe loading=\"lazy\" width=\"420\" height=\"315\" src=\"\/\/www.youtube.com\/embed\/ydrGqZtScxU\" frameborder=\"0\" allowfullscreen><\/iframe><br \/>\nDer Untergang des alten Europa (Dokumentarfilm, Arte, YouTube)<br \/>\n<em>Der Film beschreibt die Katastrophe des Ersten Weltkrieges aus einem gesamteurop\u00e4ischen Blickwinkel. Er zeigt, dass die Stimmungslage und die ungel\u00f6sten Spannungen vor 1914 in Europa l\u00e4ngst auf Krieg deuteten. Das Attentat von Sarajewo war nicht mehr als ein willkommener Anlass f\u00fcr die Ausl\u00f6sung.<\/em><\/p>\n<p>siehe auch: <a href=\"http:\/\/www.dhm.de\/ausstellungen\/der-erste-weltkrieg.html\" target=\"_blank\">Deutsches Historische Museum, Berlin: Der Erste Weltkrieg<\/a> <a href=\"http:\/\/www.dhm.de\/lemo\/html\/wk1\/\" target=\"_blank\">1914-1918<\/a><\/p>\n","protected":false},"excerpt":{"rendered":"<p>Der Erste Weltkrieg \u2013 die \u201aUrkatastrophe\u2019 (George F. Kennan) des 20.Jahrhunderts. Im Sommer 1914, also vor 100 Jahren, begann eine Krise, die in einen furchtbaren, m\u00f6rderischen und langen Krieg m\u00fcndete. Wie geriet der Kontinent an den Rand des Abgrunds? Warum setzte die katastrophale Kettenreaktion ein \u2013 und wie haben die Menschen diese Entwicklungen erlebt? Das &hellip; <a href=\"https:\/\/willizblog.de\/?p=8651\" class=\"more-link\"><span class=\"screen-reader-text\">heute1914 &#8211; 100 Sekunden vor 100 Jahren<\/span> weiterlesen <span class=\"meta-nav\">&rarr;<\/span><\/a><\/p>\n","protected":false},"author":1,"featured_media":0,"comment_status":"open","ping_status":"open","sticky":false,"template":"","format":"standard","meta":[],"categories":[13,12],"tags":[],"_links":{"self":[{"href":"https:\/\/willizblog.de\/index.php?rest_route=\/wp\/v2\/posts\/8651"}],"collection":[{"href":"https:\/\/willizblog.de\/index.php?rest_route=\/wp\/v2\/posts"}],"about":[{"href":"https:\/\/willizblog.de\/index.php?rest_route=\/wp\/v2\/types\/post"}],"author":[{"embeddable":true,"href":"https:\/\/willizblog.de\/index.php?rest_route=\/wp\/v2\/users\/1"}],"replies":[{"embeddable":true,"href":"https:\/\/willizblog.de\/index.php?rest_route=%2Fwp%2Fv2%2Fcomments&post=8651"}],"version-history":[{"count":0,"href":"https:\/\/willizblog.de\/index.php?rest_route=\/wp\/v2\/posts\/8651\/revisions"}],"wp:attachment":[{"href":"https:\/\/willizblog.de\/index.php?rest_route=%2Fwp%2Fv2%2Fmedia&parent=8651"}],"wp:term":[{"taxonomy":"category","embeddable":true,"href":"https:\/\/willizblog.de\/index.php?rest_route=%2Fwp%2Fv2%2Fcategories&post=8651"},{"taxonomy":"post_tag","embeddable":true,"href":"https:\/\/willizblog.de\/index.php?rest_route=%2Fwp%2Fv2%2Ftags&post=8651"}],"curies":[{"name":"wp","href":"https:\/\/api.w.org\/{rel}","templated":true}]}}