{"id":8655,"date":"2014-07-24T10:54:28","date_gmt":"2014-07-24T09:54:28","guid":{"rendered":"http:\/\/www.willizblog.de\/?p=8655"},"modified":"2014-07-24T11:00:16","modified_gmt":"2014-07-24T10:00:16","slug":"kollateralschaden","status":"publish","type":"post","link":"https:\/\/willizblog.de\/?p=8655","title":{"rendered":"Kollateralschaden"},"content":{"rendered":"<p>Neulich lief im Fernsehen zum wiederholten Male ein US-amerikanischer Thriller aus dem Jahr 2004 mit Tom Cruise als Auftragskiller, der &#8211; von einem Taxifahrer chauffiert &#8211; von einem Mord zum anderen zieht. Dabei kommt es auch zu Kollateralsch\u00e4den, d.h. zu an sich unbeabsichtigten, aber \u201ein Kauf genommenen\u201c Opfern. Der Film hei\u00dft <a href=\"https:\/\/de.wikipedia.org\/wiki\/Collateral\" target=\"_blank\">Collateral<\/a> als Abk\u00fcrzung f\u00fcr <em>collateral damage<\/em>, also <a href=\"https:\/\/de.wikipedia.org\/wiki\/Begleitschaden\" target=\"_blank\">Kollateralschaden<\/a>, Begleitschaden.<\/p>\n<p>Vor einer Woche, am 17. Juli, st\u00fcrzte bekanntlich eine <a href=\"https:\/\/de.wikipedia.org\/wiki\/Malaysia-Airlines-Flug_17\" target=\"_blank\">Boeing 777-200ER<\/a> der Malaysia Airlines nach Raketenbeschuss, wahrscheinlich durch eine <a href=\"https:\/\/de.wikipedia.org\/wiki\/Buk_M1\" target=\"_blank\">Buk-Flugabwehrrakete<\/a> getroffen, die eine H\u00f6he von bis zu 25.000 Meter H\u00f6he erreichen kann, in der <a href=\"https:\/\/de.wikipedia.org\/wiki\/Krise_in_der_Ukraine_2014\" target=\"_blank\">Ostukraine<\/a> ab. Alle 298 Insassen \u2013 283 Passagiere (davon 80 Kinder) und 15 Besatzungsmitglieder \u2013 kamen dabei ums Leben. Das Absturzgebiet wird von pro-russischen Separatisten kontrolliert.<\/p>\n<p>Der ukrainische Pr\u00e4sident Petro Poroschenko machte pro-russische Separatisten f\u00fcr den Absturz verantwortlich. Diese dementierten: Nach Aussage der Separatisten sei der Abschuss eine Provokation der ukrainischen Luftwaffe, sie selbst bes\u00e4\u00dfen keine Abwehrwaffen, um Maschinen in einer H\u00f6he von 10.000 Metern abzuschie\u00dfen. Die Separatisten hatten allerdings am 29. Juni auch gemeldet, sie h\u00e4tten eine Buk-Einheit \u00fcbernommen.<\/p>\n<p>Nach Auswertung der bisherigen Informationen scheint klar zu sein dass die Separatisten f\u00fcr den Abschuss von Flug MH17 verantwortlich sind. Der US-Geheimdienst hat nach Regierungsangaben bislang keine Beweise f\u00fcr eine direkte Beteiligung Russlands an dem mutma\u00dflichen Abschuss des Passagierflugzeuges MH17. Die Maschine sei vermutlich versehentlich von pro-russischen Separatisten abgeschossen worden. <em>Also nur ein <strong>Kollateralschaden<\/strong>?<\/em><\/p>\n<p>Inzwischen fordert die Gaza-Krise immer mehr Todesopfer auf beiden Seiten, eine Einigung ist nicht in Sicht. Der gewaltsame Tod dreier j\u00fcdischer Jugendlicher und der mutma\u00dfliche Rachemord an einem pal\u00e4stinensischen Jungen waren Ausl\u00f6ser f\u00fcr eine erneute Eskalation im Juli 2014. Nach Verhaftungen von Verd\u00e4chtigen intensivierte sich der Raketenbeschuss auf Israel. Als Antwort startete das israelische Milit\u00e4r die <a href=\"https:\/\/de.wikipedia.org\/wiki\/Operation_Protective_Edge\" target=\"_blank\">Operation Protective Edge<\/a>, bei der vermeintlich mit dem Raketenbeschuss in Zusammenhang stehende Ziele in Gaza aus der Luft angegriffen wurden. Vorrangiges Ziel der Israelis: die <a href=\"https:\/\/de.wikipedia.org\/wiki\/Hamas\" target=\"_blank\">Hamas<\/a>, der sunnitisch-islamistische Pal\u00e4stinenser-Organisation, die den Staat Israel mit terroristischen Mitteln beseitigen und einen islamisch-theokratischen Staat errichten will. Vorrangige Opfer: die Zivilbev\u00f6lkerung, besonders auf Seiten der Pal\u00e4stinenser. <em><strong>Kollateralsch\u00e4den?<\/strong><\/em><\/p>\n<ul><img src=\"http:\/\/www.heise.de\/tp\/artikel\/8\/8186\/8186_2.jpg\" alt=\"Kollateralschaden?\" title=\"Kollateralschaden?\" \/><\/ul>\n<p>Fast vergessene, eher verdr\u00e4ngte Konflikte gibt es im Irak, wo die dschihadistisch-salafistische Terrororganisation <a href=\"https:\/\/de.wikipedia.org\/wiki\/Islamischer_Staat\" target=\"_blank\">Islamischer Staat<\/a>, deren Ziel die gewaltsame Errichtung eines Kalifats ist, welches Syrien und den Irak, aber auch den Libanon, Israel und Jordanien umfasst, inzwischen weite Teile kontrolliert. Die Extremisten sind auch deshalb so stark, weil sie sich mit sunnitischen St\u00e4mmen und Anh\u00e4ngern des fr\u00fcheren Machthabers Saddam Hussein verb\u00fcndet haben. Sie eint der Hass auf die von Schiiten dominierte Regierung. Oder Syrien, wo seit M\u00e4rz 2011 ein blutiger B\u00fcrgerkrieg tobt. Inzwischen hat der \u201eIslamische Staat\u201c auch hier rund ein Drittel des Landes unter Kontrolle. Oder Libyen, wo Brigaden, die sich 2011 gegen Gaddafi erhoben hatten, ihre Waffen behielten und heute in verschiedenen Ecken des Landes ihr Unwesen treiben. L\u00e4ngst k\u00e4mpfen sie f\u00fcr eigene Ziele. Oder Afghanistan, wo es weiterhin Anschl\u00e4ge und K\u00e4mpfe zwischen Sicherheitskr\u00e4ften und den islamistischen <a href=\"https:\/\/de.wikipedia.org\/wiki\/Taliban\" target=\"_blank\">Taliban<\/a> gibt. Oder Nigeria, wo die islamistische Terrorgruppe <a href=\"https:\/\/de.wikipedia.org\/wiki\/Boko_Haram\" target=\"_blank\">Boko Haram<\/a> ihren Kampf f\u00fcr einen Gottesstaat im Norden des Landes mit unverminderter H\u00e4rte fortsetzt. Oder die Zentralafrikanische Republik: hier kam es erneut zu schweren \u00dcbergriffen im Konflikt zwischen muslimischen <a href=\"https:\/\/de.wikipedia.org\/wiki\/S%C3%A9l%C3%A9ka\" target=\"_blank\">Seleka-Rebellen<\/a> und christlichen B\u00fcrgermilizen (<a href=\"https:\/\/de.wikipedia.org\/wiki\/Anti-Balaka\" target=\"_blank\">Anti-Balaka<\/a>) im Osten des Landes. <a href=\"https:\/\/de.wikipedia.org\/wiki\/S%C3%BCdsudan#Unruhen_2013.2F2014\" target=\"_blank\">S\u00fcdsudan<\/a>: Die blutigen \u00dcbergriffe seit mehr als sechs Monaten haben auch ethnische Hintergr\u00fcnde: Kiir, der Pr\u00e4sident, ist ein Dinka, Machar, sein Widersacher, ein Nuer. <a href=\"https:\/\/de.wikipedia.org\/wiki\/Mali\" target=\"_blank\">Mali<\/a>: In der W\u00fcste von Nord-Mali ist es in der vergangenen Woche zu heftigen Gefechten zwischen der Armee und <a href=\"https:\/\/de.wikipedia.org\/wiki\/Marginalisierung_der_Tuareg_in_Mali_und_Niger#Friedensphasen_und_erneute_Aufst.C3.A4nde\" target=\"_blank\">Tuareg-Rebellen<\/a> gekommen. Somalia: Hier ist es die gef\u00fcrchtete <a href=\"https:\/\/de.wikipedia.org\/wiki\/Al-Shabaab_%28Somalia%29\" target=\"_blank\">Al-Shabaab-Miliz<\/a>, die dort weiter ihren blutigen Terror verbreitet. Zudem ist die Al Shabaab auch im Nachbarland Kenia aktiv, wo es vor allem in der K\u00fcstenregion zu Anschl\u00e4gen kommt. Die Islamisten fordern den Abzug kenianischer Truppen aus Somalia.<\/p>\n<p>Hier wie dort ist es die zivile Bev\u00f6lkerung, die unter den K\u00e4mpfen und Anschl\u00e4gen zu leiden hat. In L\u00e4nder wie S\u00fcdsudan oder Zentralafrikanische Republik herrschen zudem verheerende Hungersn\u00f6te. Es ist eine humanit\u00e4re Katastrophe. <em>Alles nur <strong>Kollateralsch\u00e4den<\/strong>?<\/em><\/p>\n","protected":false},"excerpt":{"rendered":"<p>Neulich lief im Fernsehen zum wiederholten Male ein US-amerikanischer Thriller aus dem Jahr 2004 mit Tom Cruise als Auftragskiller, der &#8211; von einem Taxifahrer chauffiert &#8211; von einem Mord zum anderen zieht. Dabei kommt es auch zu Kollateralsch\u00e4den, d.h. zu an sich unbeabsichtigten, aber \u201ein Kauf genommenen\u201c Opfern. Der Film hei\u00dft Collateral als Abk\u00fcrzung f\u00fcr &hellip; <a href=\"https:\/\/willizblog.de\/?p=8655\" class=\"more-link\"><span class=\"screen-reader-text\">Kollateralschaden<\/span> weiterlesen <span class=\"meta-nav\">&rarr;<\/span><\/a><\/p>\n","protected":false},"author":1,"featured_media":0,"comment_status":"open","ping_status":"open","sticky":false,"template":"","format":"standard","meta":[],"categories":[12,20],"tags":[],"_links":{"self":[{"href":"https:\/\/willizblog.de\/index.php?rest_route=\/wp\/v2\/posts\/8655"}],"collection":[{"href":"https:\/\/willizblog.de\/index.php?rest_route=\/wp\/v2\/posts"}],"about":[{"href":"https:\/\/willizblog.de\/index.php?rest_route=\/wp\/v2\/types\/post"}],"author":[{"embeddable":true,"href":"https:\/\/willizblog.de\/index.php?rest_route=\/wp\/v2\/users\/1"}],"replies":[{"embeddable":true,"href":"https:\/\/willizblog.de\/index.php?rest_route=%2Fwp%2Fv2%2Fcomments&post=8655"}],"version-history":[{"count":0,"href":"https:\/\/willizblog.de\/index.php?rest_route=\/wp\/v2\/posts\/8655\/revisions"}],"wp:attachment":[{"href":"https:\/\/willizblog.de\/index.php?rest_route=%2Fwp%2Fv2%2Fmedia&parent=8655"}],"wp:term":[{"taxonomy":"category","embeddable":true,"href":"https:\/\/willizblog.de\/index.php?rest_route=%2Fwp%2Fv2%2Fcategories&post=8655"},{"taxonomy":"post_tag","embeddable":true,"href":"https:\/\/willizblog.de\/index.php?rest_route=%2Fwp%2Fv2%2Ftags&post=8655"}],"curies":[{"name":"wp","href":"https:\/\/api.w.org\/{rel}","templated":true}]}}