{"id":8665,"date":"2014-07-28T09:53:44","date_gmt":"2014-07-28T08:53:44","guid":{"rendered":"http:\/\/www.willizblog.de\/?p=8665"},"modified":"2014-07-28T09:56:11","modified_gmt":"2014-07-28T08:56:11","slug":"nachrichten-auf-bildzeitungsniveau-9","status":"publish","type":"post","link":"https:\/\/willizblog.de\/?p=8665","title":{"rendered":"Nachrichten auf Bildzeitungsniveau (9)"},"content":{"rendered":"<table border=\"0\" cellpadding=\"6\" cellspacing=\"0\" width=\"100%\">\n<tr>\n<td width=\"75%\"><font face=\"verdana, arial, sans-serif\" color=\"#ff0000\" size=\"4\">Verschw\u00f6rungstheoretiker flog mit \u2026<\/font><\/td>\n<td width=\"25%\"><img loading=\"lazy\" alt=\"Wild-Zeitung\" title=\"Wild-Zeitung\" src=\"https:\/\/www.willizblog.de\/albpics\/bildzeitung.gif\" border=\"0\" width=\"117\" height=\"73\" \/><\/td>\n<\/tr>\n<\/table>\n<table border=\"0\" cellpadding=\"6\" cellspacing=\"0\" width=\"100%\">\n<tr>\n<td width=\"100%\"><font face=\"verdana, arial, sans-serif\" size=\"5\">MH 17 = MH 370?<\/font><\/td>\n<\/tr>\n<tr>\n<td width=\"100%\"><\/td>\n<\/tr>\n<\/table>\n<table border=\"0\" cellpadding=\"6\" cellspacing=\"0\" width=\"100%\">\n<tr>\n<td width=\"100%\" colspan=\"2\">\n<p align=\"justify\"><font face=\"verdana, arial, sans-serif\" size=\"2\">Der Verschw\u00f6rungstheoretiker Gerhard W. vermutet hinter der in der Ost-Ukraine nach Raketenbeschuss abgest\u00fcrzten Boeing 777 der Malaysian Airlines, Flug MH17, die Boeing gleichen Typs, die am 8. M\u00e4rz 2014 von Kuala Lumpur gestartet war und seitdem spurlos verschwunden ist (Flug MH370). Das Flugzeug geh\u00f6rte ebenfalls der Malaysian Airlines. W. beruft sich dabei u.a. auf die Aussage von <a href=\"https:\/\/de.wikipedia.org\/wiki\/Igor_Wsewolodowitsch_Girkin\" target=\"_blank\">Igor Girkin<\/a>, eines \u00bbprorussischer Rebellenf\u00fchrers\u00ab, der gegen\u00fcber der Webseite <a href=\"http:\/\/russkayavesna.ru\/\" target=\"_blank\">Russkaja Wesna<\/a> behauptete: \u00bbEr habe von Leuten am Absturzort geh\u00f6rt, dass \u203aeine erhebliche Zahl der Leichen nicht frisch war.\u2039\u00ab <\/font><\/td>\n<\/tr>\n<\/table>\n<p>Gerhard W., der zeigt, dass man mit Schwachsinn jede Menge Geld machen kann \u2013 er ist wohl Deutschlands bekanntester <a href=\"https:\/\/www.willizblog.de\/index.php?s=verschw%C3%B6rungstheor\" target=\"_blank\">Verschw\u00f6rungstheoretiker<\/a> (<em>Rote Armee Fraktion<\/em>, die Terroranschl\u00e4ge vom <em>11. September 2001<\/em> und <em>Mondlandung<\/em>) \u2013, hat sich nun auch den <a href=\"https:\/\/www.willizblog.de\/?p=8655\" target=\"_blank\">Flug MH17<\/a>, die Boeing, die aller Wahrscheinlichkeit von pro-russischen Separatisten in der Ost-Ukraine abgeschossen wurde, vorgenommen und verwurstelt dabei Fakten, die nichts miteinander zu tun haben, mit Aussagen <a href=\"http:\/\/www.n-tv.de\/politik\/Igor-Strelkow-der-Schuetze-article13301251.html\" target=\"_blank\">fragw\u00fcrdiger Zeitgenossen<\/a>. Nat\u00fcrlich ist es ein gefundenes Fressen f\u00fcr jeden Verschw\u00f6rungstheoretiker, wenn von einer Fluggesellschaft erst ein <a href=\"https:\/\/de.wikipedia.org\/wiki\/Malaysia-Airlines-Flug_370\" target=\"_blank\">Flugzeug spurlos vom Himmel<\/a> verschwindet, dann eine Maschine gleichen Typs nur wenige Monate sp\u00e4ter \u00fcber einem umk\u00e4mpften Gebiet abgeschossen wird, die genauen Umst\u00e4nde des Absturzes aber bisher nicht gekl\u00e4rt werden konnten. Gerade die Parallelit\u00e4t solcher Ereignisse l\u00e4sst Verschw\u00f6rung vermuten.<\/p>\n<p>Sicherlich muss und kann man nicht alles glauben, was einem die \u201aoffiziellen\u2019 Medien an Informationen anbieten. Manchmal erscheint die Wahrheit sehr variabel oder vielf\u00e4ltig zu sein. Verschw\u00f6rungstheoretiker wie jener Gerhard W. (man mag mir verzeihen, wenn ich seinen Namen hier nicht offen lege, ich mag nun einmal keine Werbung f\u00fcr diesen noch f\u00fcr seinen Verlag machen) haben nur ein Interesse, n\u00e4mlich das eigene Portemonnaie zu f\u00fcllen. Ich finde es schon erstaunlich, wie offensichtlich hochgradiger Schwachsinn in voller Breite in Netz diskutiert wird. Noch erstaunlicher ist es, mit welcher Piet\u00e4tlosigkeit das gegen\u00fcber den Todesopfer geschieht und sogar ein flaches <a href=\"https:\/\/www.willizblog.de\/?cat=42\" target=\"_blank\">Bildzeitungs-Niveau<\/a> immer noch unterschritten werden kann.<\/p>\n<p>siehe auch: <a href=\"http:\/\/www.blick.ch\/news\/ausland\/opfer-waren-schon-vor-absturz-tot-das-sind-die-irrsten-theorien-zu-mh17-id3001332.html\" target=\"_blank\">Das sind die irrsten Theorien zu MH17<\/a><\/p>\n","protected":false},"excerpt":{"rendered":"<p>Verschw\u00f6rungstheoretiker flog mit \u2026 MH 17 = MH 370? Der Verschw\u00f6rungstheoretiker Gerhard W. vermutet hinter der in der Ost-Ukraine nach Raketenbeschuss abgest\u00fcrzten Boeing 777 der Malaysian Airlines, Flug MH17, die Boeing gleichen Typs, die am 8. M\u00e4rz 2014 von Kuala Lumpur gestartet war und seitdem spurlos verschwunden ist (Flug MH370). Das Flugzeug geh\u00f6rte ebenfalls der &hellip; <a href=\"https:\/\/willizblog.de\/?p=8665\" class=\"more-link\"><span class=\"screen-reader-text\">Nachrichten auf Bildzeitungsniveau (9)<\/span> weiterlesen <span class=\"meta-nav\">&rarr;<\/span><\/a><\/p>\n","protected":false},"author":1,"featured_media":0,"comment_status":"open","ping_status":"open","sticky":false,"template":"","format":"standard","meta":[],"categories":[42],"tags":[],"_links":{"self":[{"href":"https:\/\/willizblog.de\/index.php?rest_route=\/wp\/v2\/posts\/8665"}],"collection":[{"href":"https:\/\/willizblog.de\/index.php?rest_route=\/wp\/v2\/posts"}],"about":[{"href":"https:\/\/willizblog.de\/index.php?rest_route=\/wp\/v2\/types\/post"}],"author":[{"embeddable":true,"href":"https:\/\/willizblog.de\/index.php?rest_route=\/wp\/v2\/users\/1"}],"replies":[{"embeddable":true,"href":"https:\/\/willizblog.de\/index.php?rest_route=%2Fwp%2Fv2%2Fcomments&post=8665"}],"version-history":[{"count":0,"href":"https:\/\/willizblog.de\/index.php?rest_route=\/wp\/v2\/posts\/8665\/revisions"}],"wp:attachment":[{"href":"https:\/\/willizblog.de\/index.php?rest_route=%2Fwp%2Fv2%2Fmedia&parent=8665"}],"wp:term":[{"taxonomy":"category","embeddable":true,"href":"https:\/\/willizblog.de\/index.php?rest_route=%2Fwp%2Fv2%2Fcategories&post=8665"},{"taxonomy":"post_tag","embeddable":true,"href":"https:\/\/willizblog.de\/index.php?rest_route=%2Fwp%2Fv2%2Ftags&post=8665"}],"curies":[{"name":"wp","href":"https:\/\/api.w.org\/{rel}","templated":true}]}}