{"id":867,"date":"2007-06-04T00:05:43","date_gmt":"2007-06-03T22:05:43","guid":{"rendered":"http:\/\/www.albinz.de\/blog\/?p=867"},"modified":"2007-06-02T19:04:25","modified_gmt":"2007-06-02T17:04:25","slug":"sutterlin","status":"publish","type":"post","link":"https:\/\/willizblog.de\/?p=867","title":{"rendered":"S\u00fctterlin"},"content":{"rendered":"<p>Vor kurzer Zeit starb eine (angeheiratete) Tante von mir, die mir durch ihre f\u00fcr mich <em>unleserlichen<\/em> Briefe in Erinnerung bleiben wird: sie schrieb bis zuletzt in der <a href=\"https:\/\/de.wikipedia.org\/wiki\/S%C3%BCtterlinschrift\" target=\"_blank\">S\u00fctterlin-Schrift<\/a>. Einiges konnte ich ziemlich schnell entziffern, anderes durch Vergleich mit \u00e4hnlichen Teststellen. Es dauerte aber seine Zeit, bis ich den Brief so halbwegs (dem Sinn nach) entschl\u00fcsselt konnte. Dabei hatte ich in fr\u00fchen Schuljahren selbst f\u00fcr kurze Zeit diese Schrift noch lernen m\u00fcssen. Aber da ich ansonsten keine weiteren Texte (bis auf die gelegentlich eintreffenden Briefe meiner Tante) in dieser f\u00fcr mich besonderen Schrift las, verlernte ich dieses auch schnell wieder.<\/p>\n<p>Die Schrift wurde von dem Grafiker und P\u00e4dagogen <a href=\"https:\/\/de.wikipedia.org\/wiki\/Ludwig_S%C3%BCtterlin_%28Grafiker%29\" target=\"_blank\">Ludwig S\u00fctterlin<\/a> entwickelt und diente ab 1915 in Preu\u00dfen als Ausgangsschrift an Schulen. W\u00e4hrend der Nazi-Zeit wurde sie verboten.<\/p>\n<p><img src=\"https:\/\/www.albinz.net\/models\/suetterlin.gif\" alt=\"S\u00fctterlin-Schrift\" \/><\/p>\n","protected":false},"excerpt":{"rendered":"<p>Vor kurzer Zeit starb eine (angeheiratete) Tante von mir, die mir durch ihre f\u00fcr mich unleserlichen Briefe in Erinnerung bleiben wird: sie schrieb bis zuletzt in der S\u00fctterlin-Schrift. Einiges konnte ich ziemlich schnell entziffern, anderes durch Vergleich mit \u00e4hnlichen Teststellen. Es dauerte aber seine Zeit, bis ich den Brief so halbwegs (dem Sinn nach) entschl\u00fcsselt &hellip; <a href=\"https:\/\/willizblog.de\/?p=867\" class=\"more-link\"><span class=\"screen-reader-text\">S\u00fctterlin<\/span> weiterlesen <span class=\"meta-nav\">&rarr;<\/span><\/a><\/p>\n","protected":false},"author":1,"featured_media":0,"comment_status":"closed","ping_status":"closed","sticky":false,"template":"","format":"standard","meta":[],"categories":[15],"tags":[],"_links":{"self":[{"href":"https:\/\/willizblog.de\/index.php?rest_route=\/wp\/v2\/posts\/867"}],"collection":[{"href":"https:\/\/willizblog.de\/index.php?rest_route=\/wp\/v2\/posts"}],"about":[{"href":"https:\/\/willizblog.de\/index.php?rest_route=\/wp\/v2\/types\/post"}],"author":[{"embeddable":true,"href":"https:\/\/willizblog.de\/index.php?rest_route=\/wp\/v2\/users\/1"}],"replies":[{"embeddable":true,"href":"https:\/\/willizblog.de\/index.php?rest_route=%2Fwp%2Fv2%2Fcomments&post=867"}],"version-history":[{"count":0,"href":"https:\/\/willizblog.de\/index.php?rest_route=\/wp\/v2\/posts\/867\/revisions"}],"wp:attachment":[{"href":"https:\/\/willizblog.de\/index.php?rest_route=%2Fwp%2Fv2%2Fmedia&parent=867"}],"wp:term":[{"taxonomy":"category","embeddable":true,"href":"https:\/\/willizblog.de\/index.php?rest_route=%2Fwp%2Fv2%2Fcategories&post=867"},{"taxonomy":"post_tag","embeddable":true,"href":"https:\/\/willizblog.de\/index.php?rest_route=%2Fwp%2Fv2%2Ftags&post=867"}],"curies":[{"name":"wp","href":"https:\/\/api.w.org\/{rel}","templated":true}]}}