{"id":8685,"date":"2014-08-01T07:24:14","date_gmt":"2014-08-01T06:24:14","guid":{"rendered":"http:\/\/www.willizblog.de\/?p=8685"},"modified":"2014-08-01T07:24:44","modified_gmt":"2014-08-01T06:24:44","slug":"sommermarchen-2014-%e2%80%93-teil-2-u19-ist-europameister","status":"publish","type":"post","link":"https:\/\/willizblog.de\/?p=8685","title":{"rendered":"Sommerm\u00e4rchen 2014 \u2013 Teil 2: U19 ist Europameister"},"content":{"rendered":"<p>Die <a href=\"https:\/\/de.wikipedia.org\/wiki\/Deutsche_Fu%C3%9Fballnationalmannschaft_%28U-19-Junioren%29\" target=\"_blank\">U19-Auswahl<\/a> hat dem Deutschen Fu\u00dfball-Bund <a href=\"https:\/\/de.wikipedia.org\/wiki\/Deutscher_Fu%C3%9Fball-Bund\" target=\"_blank\">(DFB)<\/a> den zweiten internationalen Titel innerhalb von nicht mal drei Wochen beschert. Im <a href=\"http:\/\/de.uefa.com\/under19\/\" target=\"_blank\">EM-Finale<\/a> in Budapest besiegte das Team von Trainer Marcus Sorg Portugal mit 1:0 (1:0) und holte sich damit zum dritten Mal nach 1981 und 2008 die <a href=\"https:\/\/de.wikipedia.org\/wiki\/U-19-Fu%C3%9Fball-Europameisterschaft_2014\" target=\"_blank\">kontinentale Krone<\/a>. <\/p>\n<p>Der Treffer des Herthaners <em>Hany Mukhtar<\/em> in der 39. Minute sorgte 18 Tage nach dem WM-Endspielsieg des A-Teams im Maracana f\u00fcr den n\u00e4chsten deutschen Fu\u00dfball-Festtag. DFB-Pr\u00e4sident <em>Wolfgang Niersbach<\/em> (&#8222;kann man sich dran gew\u00f6hnen&#8220;) und der designierte Sportdirektor <em>Hansi Flick<\/em> klatschten auf der Trib\u00fcne des mit rund 5000 Zuschauern zur H\u00e4lfte gef\u00fcllten <em>Szusza Ferenc Stadions<\/em> begeistert.<\/p>\n<p>Angreifer <a href=\"https:\/\/de.wikipedia.org\/wiki\/Davie_Selke\" target=\"_blank\">Davie Selke<\/a> von Werder Bremen holte sich mit sechs Treffern zudem die Torj\u00e4gerkrone der Endrunde in Ungarn. Der deutsche Nachwuchs hat nun im kommenden Jahr bei der U20-WM in Neuseeland (30. Mai bis 20. Juni 2015) die Chance auf den ganz gro\u00dfen Coup.<\/p>\n<p><img src=\"http:\/\/www.transfermarkt.de\/images\/newsansichtfoto\/normal\/1406788940.jpg\" alt=\"U19-Torj\u00e4gerk\u00f6nig Davie Selke (Werder Bremen)\" title=\"U19-Torj\u00e4gerk\u00f6nig Davie Selke (Werder Bremen)\" \/><\/p>\n<p>Der Sieg der deutschen Junioren gegen Portugal war, obwohl die beiden Offensivstars <em>Max Meyer<\/em> (Schalke 04) und <em>Timo Werner<\/em> (VfB Stuttgart) fehlten (beide erhielten von ihren Vereinen keine Freigabe), durch eine sehr gute Mannschaftsleistung verdient. In der ersten Halbzeit hatte sie eindeutig mehr Spielanteile und auch die meisten Torchancen. In Halbzeit zwei kamen zwar die Portugiesen besser ins Spiel, schlie\u00dflich lagen sie zur\u00fcck, aber die Defensive der deutschen Jungs erwies als un\u00fcberwindbar.<\/p>\n<p><em>Schon jetzt ist das \u201eGerangel\u201c um die Stars von morgen gro\u00df. Insbesondere<\/em> Davie Selke <em>vom SV Werder Bremen hat Begehrlichkeiten geweckt. Werder m\u00f6chte den 19-j\u00e4hrige St\u00fcrmer (Marktwert: 250.000 Euro &#8211; Vertrag bis 2015) aber unbedingt halten. \u201eWir wollen l\u00e4ngerfristig mit Selke planen und sind bereit, auch \u00fcber vertragliche Anpassungen zu reden\u201c, so<\/em> Rouven Schr\u00f6der, <em>Werders Direktor Profifu\u00dfball.<\/em><\/p>\n<p>Selke <em>ist eines von vielen Talenten, die bei dem Turnier in Ungarn auf sich aufmerksam gemacht haben. Weitere St\u00fctzen der deutschen U19 sind die Innenverteidiger<\/em> Niklas Stark <em>vom 1.FC N\u00fcrnberg (Marktwert: 2 Mio. \u20ac) und Freiburgs<\/em> Marc-Oliver Kempf <em>(1,5 Mio. \u20ac), Leverkusens Spielmacher<\/em> \u00d6ztunali <em>(1,5 Mio. \u20ac\/Enkel von<\/em> Uwe Seeler), <em>Linksau\u00dfen<\/em> Julian Brandt <em>(5 Mio. \u20ac, Bayer 04) sowie Mittelfeldspieler<\/em> Marc Stendera <em>(800.000 \u20ac) von Eintracht Frankfurt. Bemerkenswert: Die genannten Leistungstr\u00e4ger haben bei ihren Vereinen mit Ausnahme von Selke allesamt langfristige Vertr\u00e4ge unterschrieben. Insofern k\u00f6nnen Leverkusen und Co. gelassen auf Wechselger\u00fcchte rund um ihre Talente reagieren.<\/em> (Quelle: <a href=\"http:\/\/www.transfermarkt.de\/u19-will-em-titel-ndash-wer-schafft-den-durchbruch-\/view\/news\/167643\" target=\"_blank\">transfermarkt.de<\/a>)<\/p>\n<p>Wer von den Jungs den gro\u00dfen Durchbruch schaffen wird, l\u00e4sst sich heute noch nicht absehen. Ich denke da nat\u00fcrlich an die <a href=\"https:\/\/de.wikipedia.org\/wiki\/U-21-Fu%C3%9Fball-Europameisterschaft_2009\/Kader#Deutschland\" target=\"_blank\">U21 von 2009<\/a>, die heute den Stamm der A-Mannschaft des Weltmeisters mit Neuer, Boateng, Hummels, H\u00f6wedes, Khadira und \u00d6zil stellen. Talent ist reichlich vorhanden. Der deutsche Fu\u00dfball braucht sich um seine Zukunft wohl keine Sorgen machen.<\/p>\n","protected":false},"excerpt":{"rendered":"<p>Die U19-Auswahl hat dem Deutschen Fu\u00dfball-Bund (DFB) den zweiten internationalen Titel innerhalb von nicht mal drei Wochen beschert. Im EM-Finale in Budapest besiegte das Team von Trainer Marcus Sorg Portugal mit 1:0 (1:0) und holte sich damit zum dritten Mal nach 1981 und 2008 die kontinentale Krone. Der Treffer des Herthaners Hany Mukhtar in der &hellip; <a href=\"https:\/\/willizblog.de\/?p=8685\" class=\"more-link\"><span class=\"screen-reader-text\">Sommerm\u00e4rchen 2014 \u2013 Teil 2: U19 ist Europameister<\/span> weiterlesen <span class=\"meta-nav\">&rarr;<\/span><\/a><\/p>\n","protected":false},"author":1,"featured_media":0,"comment_status":"open","ping_status":"open","sticky":false,"template":"","format":"standard","meta":[],"categories":[39],"tags":[],"_links":{"self":[{"href":"https:\/\/willizblog.de\/index.php?rest_route=\/wp\/v2\/posts\/8685"}],"collection":[{"href":"https:\/\/willizblog.de\/index.php?rest_route=\/wp\/v2\/posts"}],"about":[{"href":"https:\/\/willizblog.de\/index.php?rest_route=\/wp\/v2\/types\/post"}],"author":[{"embeddable":true,"href":"https:\/\/willizblog.de\/index.php?rest_route=\/wp\/v2\/users\/1"}],"replies":[{"embeddable":true,"href":"https:\/\/willizblog.de\/index.php?rest_route=%2Fwp%2Fv2%2Fcomments&post=8685"}],"version-history":[{"count":0,"href":"https:\/\/willizblog.de\/index.php?rest_route=\/wp\/v2\/posts\/8685\/revisions"}],"wp:attachment":[{"href":"https:\/\/willizblog.de\/index.php?rest_route=%2Fwp%2Fv2%2Fmedia&parent=8685"}],"wp:term":[{"taxonomy":"category","embeddable":true,"href":"https:\/\/willizblog.de\/index.php?rest_route=%2Fwp%2Fv2%2Fcategories&post=8685"},{"taxonomy":"post_tag","embeddable":true,"href":"https:\/\/willizblog.de\/index.php?rest_route=%2Fwp%2Fv2%2Ftags&post=8685"}],"curies":[{"name":"wp","href":"https:\/\/api.w.org\/{rel}","templated":true}]}}