{"id":8696,"date":"2014-08-28T13:34:38","date_gmt":"2014-08-28T12:34:38","guid":{"rendered":"http:\/\/www.willizblog.de\/?p=8696"},"modified":"2014-08-28T13:34:38","modified_gmt":"2014-08-28T12:34:38","slug":"ausflug-nach-bremen-2014","status":"publish","type":"post","link":"https:\/\/willizblog.de\/?p=8696","title":{"rendered":"Ausflug nach Bremen 2014"},"content":{"rendered":"<p>Ann\u00e4hernd 25 Jahre habe ich in <a href=\"https:\/\/de.wikipedia.org\/wiki\/Bremen\" target=\"_blank\">Bremen<\/a> gelebt, solange wie in keiner anderen Stadt. W\u00e4hrend meines Sommerurlaubs, der gestern leider zu Ende ging, habe ich mit meiner Familie, also mit Frau und beiden erwachsenen Kindern samt Anhang, wieder einmal einen Abstecher in die alte Hansestadt an der Weser gemacht. Ich mag Bremen (nicht nur den <a href=\"https:\/\/www.willizblog.de\/?cat=27\" target=\"_blank\">SV Werder<\/a>). Die Stadt ist \u00fcbersichtlich und hat doch einiges zu bieten.<\/p>\n<p>Nun das Wetter am 14. August war nicht ganz so toll, aber meist doch trocken. So kamen wir am Hauptbahnhof an und gingen in Richtung Innenstadt. Dort sind alle wichtigen Sehensw\u00fcrdigkeiten nah beieinander:<\/p>\n<ul><img src=\"https:\/\/www.willizblog.de\/images\/bremen2014.jpg\" alt=\"Rundgang durch Bremens Innenstadt (Altstadt)\" title=\"Rundgang durch Bremens Innenstadt (Altstadt)\" \/><\/ul>\n<p>Zun\u00e4chst sind da zwischen Hauptbahnhof und Innenstadt (Altstadt) die Wallanlagen und beim Herdentor (alles weitere siehe auch obige Karte) blickt man auf die alte <a href=\"http:\/\/www.muehle-bremen.de\/\" target=\"_blank\">Windm\u00fchle<\/a> <strong>(1)<\/strong>, wo man Kaffee trinken und auch ein Tagesgericht essen kann. Geht man die Stra\u00dfe weiter, dann kommt man auf die <a href=\"https:\/\/de.wikipedia.org\/wiki\/S%C3%B6gestra%C3%9Fe\" target=\"_blank\">S\u00f6gestra\u00dfe<\/a>, eine der Haupteinkaufsstra\u00dfen Bremens. Zu erkennen ist die S\u00f6gestra\u00dfe an der Skulptur des Hirten mit den Schweinen <strong>(2)<\/strong>, denn <em>S\u00f6gen<\/em> ist Plattdeutsch f\u00fcr Sauen.<\/p>\n<p>Die Stra\u00dfe macht dann einen Knick und man findet sich auf dem Blumenmarkt mit einem Brunnen wieder. Geht man um die Kirche <a href=\"https:\/\/de.wikipedia.org\/wiki\/Liebfrauenkirche_%28Bremen%29\" target=\"_blank\">Unser Lieben Frauen<\/a> rechts herum, steht man seitlich vor dem Rathaus und findet hier die Bronzestatue der <a href=\"https:\/\/de.wikipedia.org\/wiki\/Die_Bremer_Stadtmusikanten\" target=\"_blank\">Bremer Stadtmusikanten<\/a> <strong>(3)<\/strong> von <a href=\"https:\/\/de.wikipedia.org\/wiki\/Gerhard_Marcks\" target=\"_blank\">Gerhard Marcks<\/a>.<\/p>\n<p>Das <a href=\"https:\/\/de.wikipedia.org\/wiki\/Bremer_Rathaus\" target=\"_blank\">Bremer Rathaus<\/a> <strong>(4)<\/strong> ist eines der bedeutendsten Bauwerke der Gotik und der Weserrenaissance in Europa. Seit 1973 steht es unter Denkmalschutz. Im Juli 2004 wurde es zusammen mit dem <a href=\"https:\/\/de.wikipedia.org\/wiki\/Bremer_Roland\" target=\"_blank\">Bremer Roland<\/a> <strong>(5)<\/strong>, dem Wahrzeichen der Hansestadt, von der UNESCO zum Weltkulturerbe der Menschheit erkl\u00e4rt. Am Marktplatz befindet sich auch der Eingang zur <a href=\"https:\/\/de.wikipedia.org\/wiki\/B%C3%B6ttcherstra%C3%9Fe_%28Bremen%29\" target=\"_blank\">B\u00f6ttcherstra\u00dfe<\/a> und das Geb\u00e4ude der <a href=\"https:\/\/de.wikipedia.org\/wiki\/Bremische_B%C3%BCrgerschaft\" target=\"_blank\">Bremischen B\u00fcrgerschaft<\/a> <strong>(6)<\/strong>.<\/p>\n<p>Steht man vor dem Rathaus so befindet sich rechts davon der <a href=\"https:\/\/de.wikipedia.org\/wiki\/Bremer_Dom\" target=\"_blank\">St. Petri-Dom<\/a> <strong>(8)<\/strong> mit dem <a href=\"https:\/\/de.wikipedia.org\/wiki\/Bleikeller\" target=\"_blank\">Bleikeller<\/a> <strong>(7)<\/strong>. Bekannt ist diese Ostkrypta des St. Petri-Doms vor allem dadurch, dass hier einige Mumien gefunden wurden. Ein kurzer Abstecher lohnt sich.<\/p>\n<p>Geht man dann weiter, so kommt man zur <a href=\"https:\/\/de.wikipedia.org\/wiki\/Domsheide\" target=\"_blank\">Domsheide<\/a> und findet hier u.a. <a href=\"https:\/\/de.wikipedia.org\/wiki\/Die_Glocke_%28Bremen%29\" target=\"_blank\">Die Glocke<\/a> <strong>(9)<\/strong>, ein Konzerthaus mit sehr guter Akustik. Von der Domsheide geht es dann auch ins <a href=\"https:\/\/de.wikipedia.org\/wiki\/Schnoor\" target=\"_blank\">Schnoor-Viertel<\/a> <strong>(10)<\/strong>, einem mittelalterlichem G\u00e4ngeviertel. <a href=\"http:\/\/www.schnoor-in-bremen.de\/\" target=\"_blank\">Hier<\/a> kann man sich nicht nur mit Souvenirs eindecken, sondern auch lecker trinken und speisen. Um die Ecke herum gibt es auch einen Laden f\u00fcr jede Menge Bier: <a href=\"https:\/\/www.facebook.com\/pages\/Grebhans-Bier-GmbH\/264567770376725\" target=\"_blank\">Grebhan\u2019s Bier<\/a> (Hinter der Balge 1), leider hatte der Laden, als wir durchs Schnoor gingen, noch nicht ge\u00f6ffnet.<\/p>\n<p>Verl\u00e4sst man das Schnoor-Viertel (z.B. \u00fcber die Stra\u00dfe Marterburg) und geht dann die Ostertorstra\u00dfe Richtung Osten, so kommt man zun\u00e4chst an der <a href=\"https:\/\/de.wikipedia.org\/wiki\/Kunsthalle_Bremen\" target=\"_blank\">Kunsthalle Bremen<\/a> <strong>(11)<\/strong> und dann am <a href=\"https:\/\/de.wikipedia.org\/wiki\/Theater_am_Goetheplatz\" target=\"_blank\">Theater am Goethe-Platz<\/a> <strong>(12)<\/strong> vorbei. Hier befindet man sich bereits im <a href=\"https:\/\/de.wikipedia.org\/wiki\/Ostertor#Ostertor\" target=\"_blank\">Ostertorviertel<\/a> \u2013 und kreuzt man die Stra\u00dfe Sielwall, so ist man im <a href=\"https:\/\/de.wikipedia.org\/wiki\/Bremen-%C3%96stliche_Vorstadt#Steintor\" target=\"_blank\">Steintorviertel<\/a>. Beide Ortsteile nennt man in Bremen kurz <a href=\"https:\/\/de.wikipedia.org\/wiki\/Viertel_%28Bremen%29\" target=\"_blank\">Das Viertel<\/a> und das l\u00e4sst sich mit dem <a href=\"https:\/\/de.wikipedia.org\/wiki\/Schanzenviertel\" target=\"_blank\">Schanzenviertel<\/a> in Hamburg vergleichen.<\/p>\n<p>Im \u201eViertel\u201c begaben wir uns dann kurz auf die Spuren von <a href=\"https:\/\/www.willizblog.de\/index.php?s=%22herr+lehmann%22\" target=\"_blank\">Herrn Lehmann<\/a> \u2013 und auch meinen Spuren vergangener Zeiten (Stichworte: <em>Giros Pita<\/em> in dem kleinen Imbiss am Sielwall  \u2013 <a href=\"https:\/\/de.wikipedia.org\/wiki\/Lila_Eule\" target=\"_blank\">Lila Eule<\/a> \u2013 <a href=\"https:\/\/de.wikipedia.org\/wiki\/Cinema_Ostertor\" target=\"_blank\">Cinema Ostertor<\/a> \u2013 <a href=\"http:\/\/www.engelweincafe-bremen.de\/\" target=\"_blank\">Engel-Apotheke<\/a>). Leider begann es wie aus K\u00fcbeln zu sch\u00fctten, sodass wir unseren Rundgang schnell beendeten und zum Essen in Richtung Gr\u00f6pelingen ins Einkaufszentrum <a href=\"http:\/\/www.waterfront-bremen.de\/\" target=\"_blank\">Waterfront<\/a>, dem fr\u00fcheren <a href=\"https:\/\/www.albinz.net\/spacecenter.html\" target=\"_blank\">Space Center Bremen<\/a>, fuhren und uns dort im <a href=\"http:\/\/miku-bremen.de\/\" target=\"_blank\">Miku<\/a> mit allerhand fern\u00f6stlichen K\u00f6stlichkeiten verw\u00f6hnen lie\u00dfen.<\/p>\n<p>Den Rundgang durch die Bremer Innenstadt habe ich auch im Video festgehalten (die Musik stammt \u00fcbrigens von <a href=\"https:\/\/de.wikipedia.org\/wiki\/Jean_Sibelius\" target=\"_blank\">Jean Sibelius<\/a> \u2013 aus der <a href=\"http:\/\/www.klassika.info\/Komponisten\/Sibelius\/SymphonischeDichtung\/022\/index.html\" target=\"_blank\">Lemmink\u00e4inen-Suite<\/a>: Tuonelan Joutsen (Der Schwan von Tuonela), Op. 22) \u2013 viel Spa\u00df beim Gucken und H\u00f6ren:<\/p>\n<p><iframe loading=\"lazy\" width=\"540\" height=\"304\" src=\"\/\/www.youtube.com\/embed\/3UUZG0RrlWQ\" frameborder=\"0\" allowfullscreen><\/iframe><br \/>\n<a href=\"https:\/\/www.youtube.com\/watch?v=3UUZG0RrlWQ\" target=\"_blank\">Ausflug nach Bremen<\/a> (14. August 2014)<\/p>\n","protected":false},"excerpt":{"rendered":"<p>Ann\u00e4hernd 25 Jahre habe ich in Bremen gelebt, solange wie in keiner anderen Stadt. W\u00e4hrend meines Sommerurlaubs, der gestern leider zu Ende ging, habe ich mit meiner Familie, also mit Frau und beiden erwachsenen Kindern samt Anhang, wieder einmal einen Abstecher in die alte Hansestadt an der Weser gemacht. Ich mag Bremen (nicht nur den &hellip; <a href=\"https:\/\/willizblog.de\/?p=8696\" class=\"more-link\"><span class=\"screen-reader-text\">Ausflug nach Bremen 2014<\/span> weiterlesen <span class=\"meta-nav\">&rarr;<\/span><\/a><\/p>\n","protected":false},"author":1,"featured_media":0,"comment_status":"open","ping_status":"open","sticky":false,"template":"","format":"standard","meta":[],"categories":[10],"tags":[],"_links":{"self":[{"href":"https:\/\/willizblog.de\/index.php?rest_route=\/wp\/v2\/posts\/8696"}],"collection":[{"href":"https:\/\/willizblog.de\/index.php?rest_route=\/wp\/v2\/posts"}],"about":[{"href":"https:\/\/willizblog.de\/index.php?rest_route=\/wp\/v2\/types\/post"}],"author":[{"embeddable":true,"href":"https:\/\/willizblog.de\/index.php?rest_route=\/wp\/v2\/users\/1"}],"replies":[{"embeddable":true,"href":"https:\/\/willizblog.de\/index.php?rest_route=%2Fwp%2Fv2%2Fcomments&post=8696"}],"version-history":[{"count":0,"href":"https:\/\/willizblog.de\/index.php?rest_route=\/wp\/v2\/posts\/8696\/revisions"}],"wp:attachment":[{"href":"https:\/\/willizblog.de\/index.php?rest_route=%2Fwp%2Fv2%2Fmedia&parent=8696"}],"wp:term":[{"taxonomy":"category","embeddable":true,"href":"https:\/\/willizblog.de\/index.php?rest_route=%2Fwp%2Fv2%2Fcategories&post=8696"},{"taxonomy":"post_tag","embeddable":true,"href":"https:\/\/willizblog.de\/index.php?rest_route=%2Fwp%2Fv2%2Ftags&post=8696"}],"curies":[{"name":"wp","href":"https:\/\/api.w.org\/{rel}","templated":true}]}}