{"id":8703,"date":"2014-09-04T10:34:55","date_gmt":"2014-09-04T09:34:55","guid":{"rendered":"http:\/\/www.willizblog.de\/?p=8703"},"modified":"2014-09-04T10:34:55","modified_gmt":"2014-09-04T09:34:55","slug":"das-ailton-mache-schluss","status":"publish","type":"post","link":"https:\/\/willizblog.de\/?p=8703","title":{"rendered":"Das Ailton mache Schluss"},"content":{"rendered":"<p>Mit dem SV Werder Bremen feierte er das Double aus Meisterschaft und Pokalsieg, im Trikot der Gr\u00fcn-Wei\u00dfen wurde der &#8218;Kugelblitz&#8216; zum Torsch\u00fctzenk\u00f6nig der Saison 2003\/04. Au\u00dferdem wurde er als erster Ausl\u00e4nder zum Fu\u00dfballer des Jahres in Deutschland gew\u00e4hlt. Sechs Jahre spielte er an der Weser. Die Rede ist von <a href=\"https:\/\/de.wikipedia.org\/wiki\/A%C3%ADlton_Gon%C3%A7alves_da_Silva\" target=\"_blank\">A\u00edlton Gon\u00e7alves da Silva<\/a>, kurz <a href=\"http:\/\/www.ailton.de\/\" target=\"_blank\">Ailton<\/a> (<em>das Ailton<\/em>) genannt. Jetzt kommt er zur\u00fcck ins Bremer Weser-Stadion. Am kommenden Samstag, 06.09.2014, um 16 Uhr, feiert <em>Toni<\/em> (wie ihn sein damaliger Trainer <em>Thomas Schaaf<\/em> nennt) seine riesige Abschiedsparty.<\/p>\n<ul><img src=\"https:\/\/www.willizblog.de\/images\/werder_ailton_abschiedspiel2014.jpg\" alt=\"Das Ailton mache Schluss \u2013 Abschiedsspiel am 06.09.2014 \u2013 16 Uhr \u2013 im Weserstadion\" title=\"Das Ailton mache Schluss \u2013 Abschiedsspiel am 06.09.2014 \u2013 16 Uhr \u2013 im Weserstadion\" \/><\/ul>\n<p>In der Bundesliga spielte er auch f\u00fcr den FC Schalke 04, den Hamburger SV und den MSV Duisburg. Er erzielte in seiner gesamten Karriere insgesamt 106 Bundesligatore und ist damit der dritte von bislang insgesamt vier ausl\u00e4ndischen Spielern, die mehr als 100 Tore in der Bundesliga erzielten. International war <a href=\"http:\/\/www.transfermarkt.de\/ailton\/profil\/spieler\/516\" target=\"_blank\">Ailton<\/a> auch in Mexiko, der T\u00fcrkei, der Ukraine, Serbien, China, der Schweiz und in \u00d6sterreich als Spieler t\u00e4tig.<\/p>\n<p>Zu seiner Abschiedspartie hat der Brasilianer die gesamte Double-Mannschaft von 2003\/04 eingeladen, um zusammen mit ihm auf dem Rasen zu stehen. Schon jetzt haben viele ehemalige Teamkollegen zugesagt: <em>Fabian Ernst, Tim Borowski, Paul Stalteri, Frank Baumann, Val\u00e9rien Isma\u00ebl<\/em>, viele weitere und m\u00f6glicherweise auch <em>\u201ele chef&#8220;, Johan Micoud<\/em>.<\/p>\n<p>Der Meister-Elf gegen\u00fcber stehen wird eine S\u00fcdamerika-Auswahl, unter anderem mit Werder-Stars wie <em>Claudio Pizarro, Diego<\/em> und <em>Naldo<\/em>, aber auch Weggef\u00e4hrten aus Schalker Tagen wie <em>Marcelo Bordon<\/em> und <em>Lincoln<\/em>. Ebenfalls dabei: <em>Julio Cesar, Ratinho<\/em> und &#8230; und &#8230; und &#8230;<\/p>\n<p><a href=\"http:\/\/www.werder.de\/de\/tickets\/sonstige\/\" target=\"_blank\">Karten f\u00fcr das Spiel<\/a> sollen noch erh\u00e4ltlich sein. Ansonsten \u00fcbertr\u00e4gt das <a href=\"https:\/\/www.ndr.de\/fernsehen\/\" target=\"_blank\">NDR-Fernsehen<\/a> das Spiel ab 16 Uhr: <a href=\"https:\/\/www.ndr.de\/fernsehen\/sendungen\/sportclub\/Sportclub-live-Das-Ailton-Abschiedsspiel,sendung285922.html\" target=\"_blank\"><strong>Sportclub live: Das Ailton-Abschiedsspiel<\/strong><\/a><\/p>\n<p>Man mag von Ailton halten, was man will. In der <a href=\"https:\/\/de.wikipedia.org\/wiki\/Werder_Bremen\/Namen_und_Zahlen#Kader_der_Saison_2003.2F04\" target=\"_blank\">Saison 2003\/2004<\/a> war er dank seiner 28 Tore und dem grandiosen Zusammenspiel mit seinem St\u00fcrmerkollegen <em>Ivan Klasni\u0107<\/em> der Publikumsliebling der Bremer. So dankt es ihn 10 Jahre nach diesem gro\u00dfen Erfolg der Verein mit der Ausrichtung dieses Abschiedsspieles. <strong>Das Ailton mache Schluss<\/strong> \u2013 und Bremen feiert mit ihm.<\/p>\n","protected":false},"excerpt":{"rendered":"<p>Mit dem SV Werder Bremen feierte er das Double aus Meisterschaft und Pokalsieg, im Trikot der Gr\u00fcn-Wei\u00dfen wurde der &#8218;Kugelblitz&#8216; zum Torsch\u00fctzenk\u00f6nig der Saison 2003\/04. Au\u00dferdem wurde er als erster Ausl\u00e4nder zum Fu\u00dfballer des Jahres in Deutschland gew\u00e4hlt. Sechs Jahre spielte er an der Weser. Die Rede ist von A\u00edlton Gon\u00e7alves da Silva, kurz Ailton &hellip; <a href=\"https:\/\/willizblog.de\/?p=8703\" class=\"more-link\"><span class=\"screen-reader-text\">Das Ailton mache Schluss<\/span> weiterlesen <span class=\"meta-nav\">&rarr;<\/span><\/a><\/p>\n","protected":false},"author":1,"featured_media":0,"comment_status":"open","ping_status":"open","sticky":false,"template":"","format":"standard","meta":[],"categories":[27],"tags":[],"_links":{"self":[{"href":"https:\/\/willizblog.de\/index.php?rest_route=\/wp\/v2\/posts\/8703"}],"collection":[{"href":"https:\/\/willizblog.de\/index.php?rest_route=\/wp\/v2\/posts"}],"about":[{"href":"https:\/\/willizblog.de\/index.php?rest_route=\/wp\/v2\/types\/post"}],"author":[{"embeddable":true,"href":"https:\/\/willizblog.de\/index.php?rest_route=\/wp\/v2\/users\/1"}],"replies":[{"embeddable":true,"href":"https:\/\/willizblog.de\/index.php?rest_route=%2Fwp%2Fv2%2Fcomments&post=8703"}],"version-history":[{"count":0,"href":"https:\/\/willizblog.de\/index.php?rest_route=\/wp\/v2\/posts\/8703\/revisions"}],"wp:attachment":[{"href":"https:\/\/willizblog.de\/index.php?rest_route=%2Fwp%2Fv2%2Fmedia&parent=8703"}],"wp:term":[{"taxonomy":"category","embeddable":true,"href":"https:\/\/willizblog.de\/index.php?rest_route=%2Fwp%2Fv2%2Fcategories&post=8703"},{"taxonomy":"post_tag","embeddable":true,"href":"https:\/\/willizblog.de\/index.php?rest_route=%2Fwp%2Fv2%2Ftags&post=8703"}],"curies":[{"name":"wp","href":"https:\/\/api.w.org\/{rel}","templated":true}]}}