{"id":873,"date":"2007-06-10T22:27:19","date_gmt":"2007-06-10T20:27:19","guid":{"rendered":"http:\/\/www.albinz.de\/blog\/?p=873"},"modified":"2007-06-11T08:31:49","modified_gmt":"2007-06-11T06:31:49","slug":"evangelischer-kirchentag-in-koln","status":"publish","type":"post","link":"https:\/\/willizblog.de\/?p=873","title":{"rendered":"Evangelischer Kirchentag in K\u00f6ln"},"content":{"rendered":"<p>Heute endete in K\u00f6ln der 31. Deutsche Evangelische Kirchentag. Mein Sohn Jan war seit dem Mittwochabend unter den rund 110000 Dauerteilnehmern und besuchte verschiedene Podiumsdiskussionen, Konzerte und Gottesdienste. Ein Schwerpunkt f\u00fcr ihn war dabei der christlich-j\u00fcdische Dialog.<\/p>\n<p>Angesichts des <a href=\"https:\/\/www.willizblog.de\/?p=841\" target=\"_blank\">G8-Treffens der M\u00e4chtigen in Heiligendamm<\/a> so stand nat\u00fcrlich auch auf diesem Kirchentag die Frage, wie die Welt nach menschlichem Ma\u00df gestaltet werden kann, im Mittelpunkt vieler Veranstaltungen. H\u00f6hepunkte daher die Auftritte der Friedensnobelpreistr\u00e4ger Mohammed Yunus und <a href=\"https:\/\/de.wikipedia.org\/wiki\/Desmond_Tutu\" target=\"_blank\">Desmond Tutu<\/a>.<\/p>\n<p><img src=\"https:\/\/www.albinz.net\/models\/desmond_tutu.jpg\" alt=\"Bischoff Desmond Tutu\" \/><\/p>\n<p>Den Stolz und die W\u00fcrde der Betroffenen hat denn auch &#8211; am Rhein und nicht an der Ostsee &#8211; niemand besser und klarer formuliert als der s\u00fcdafrikanische Bischof Desmond Tutu: &#8222;Ich bin ein Afrikaner. Ich bin ein Mann. Ich bin ein Mensch. Ich bin kein Objekt, das Almosen braucht. Ich bin stolz. Ich bin kein Objekt, das Mitleid braucht. Ich bin nach dem Ebenbild Gottes geschaffen. Wir sind geschaffen worden, um zusammenzuleben. Wir k\u00f6nnen nur zusammen \u00fcberleben. Wir k\u00f6nnen nur zusammen menschlich sein. Ihr F\u00fchrer m\u00f6gt fragen, was ich brauche, was ich will. Nun, ich frage euch: Was braucht ihr denn?&#8220; <\/p>\n<p>siehe auch zdf.de: <a href=\"http:\/\/www.heute.de\/ZDFheute\/inhalt\/26\/0,3672,5549882,00.html\" target=\"_blank\">Lieber aufs\u00e4ssig als innerlich<\/a><\/p>\n","protected":false},"excerpt":{"rendered":"<p>Heute endete in K\u00f6ln der 31. Deutsche Evangelische Kirchentag. Mein Sohn Jan war seit dem Mittwochabend unter den rund 110000 Dauerteilnehmern und besuchte verschiedene Podiumsdiskussionen, Konzerte und Gottesdienste. Ein Schwerpunkt f\u00fcr ihn war dabei der christlich-j\u00fcdische Dialog. Angesichts des G8-Treffens der M\u00e4chtigen in Heiligendamm so stand nat\u00fcrlich auch auf diesem Kirchentag die Frage, wie die &hellip; <a href=\"https:\/\/willizblog.de\/?p=873\" class=\"more-link\"><span class=\"screen-reader-text\">Evangelischer Kirchentag in K\u00f6ln<\/span> weiterlesen <span class=\"meta-nav\">&rarr;<\/span><\/a><\/p>\n","protected":false},"author":1,"featured_media":0,"comment_status":"closed","ping_status":"closed","sticky":false,"template":"","format":"standard","meta":[],"categories":[2],"tags":[],"_links":{"self":[{"href":"https:\/\/willizblog.de\/index.php?rest_route=\/wp\/v2\/posts\/873"}],"collection":[{"href":"https:\/\/willizblog.de\/index.php?rest_route=\/wp\/v2\/posts"}],"about":[{"href":"https:\/\/willizblog.de\/index.php?rest_route=\/wp\/v2\/types\/post"}],"author":[{"embeddable":true,"href":"https:\/\/willizblog.de\/index.php?rest_route=\/wp\/v2\/users\/1"}],"replies":[{"embeddable":true,"href":"https:\/\/willizblog.de\/index.php?rest_route=%2Fwp%2Fv2%2Fcomments&post=873"}],"version-history":[{"count":0,"href":"https:\/\/willizblog.de\/index.php?rest_route=\/wp\/v2\/posts\/873\/revisions"}],"wp:attachment":[{"href":"https:\/\/willizblog.de\/index.php?rest_route=%2Fwp%2Fv2%2Fmedia&parent=873"}],"wp:term":[{"taxonomy":"category","embeddable":true,"href":"https:\/\/willizblog.de\/index.php?rest_route=%2Fwp%2Fv2%2Fcategories&post=873"},{"taxonomy":"post_tag","embeddable":true,"href":"https:\/\/willizblog.de\/index.php?rest_route=%2Fwp%2Fv2%2Ftags&post=873"}],"curies":[{"name":"wp","href":"https:\/\/api.w.org\/{rel}","templated":true}]}}