{"id":8746,"date":"2014-10-01T11:37:46","date_gmt":"2014-10-01T10:37:46","guid":{"rendered":"http:\/\/www.willizblog.de\/?p=8746"},"modified":"2014-10-01T11:39:50","modified_gmt":"2014-10-01T10:39:50","slug":"jubilaum","status":"publish","type":"post","link":"https:\/\/willizblog.de\/?p=8746","title":{"rendered":"Jubil\u00e4um"},"content":{"rendered":"<p>Ein wesentliches Merkmal des Alterns ist die Anh\u00e4ufung von <a href=\"https:\/\/de.wikipedia.org\/wiki\/Jubil%C3%A4um\" target=\"_blank\">Jubil\u00e4en<\/a> in eigener Sache. Es ist zun\u00e4chst eine gro\u00dfe Freude, Geburtstage zu erreichen, die hinten eine Null haben (wie bei mir dieses Jahr) oder zumindest durch f\u00fcnf teilbar sind (ohne Rest bzw. Nachkommastellen), auch wenn die Zehnerstelle bereits eine Zahl \u00fcber f\u00fcnf ist. Ist man verheiratet, dann kommt sehr bald der Ehrentag, den man silberne Hochzeit nennt, d.h. ein Paar hat sich bereits 25 Jahre ertragen k\u00f6nnen (ich und meine Frau im n\u00e4chsten Jahr). Und wenn man es tats\u00e4chlich geschafft hat, genau diese 25 Jahre in ein und derselben Firma ausgehalten zu haben, dann wundert einen gar nichts mehr.<\/p>\n<p>Mich wundert heute gar nichts mehr &#8230; Vor nun gut sechs Jahren hatte ich hier in aller K\u00fcrze <a href=\"https:\/\/www.willizblog.de\/?p=1295\" target=\"_blank\">meinen Arbeitsplatz<\/a> vorgestellt. Nur mit Bildchen &#8230;<\/p>\n<ul><img src=\"https:\/\/www.willizblog.de\/blogpicts\/willi_at_work_2008_09.jpg\" alt=\"Willi arbeitet (oder tut so)\" title=\"Willi arbeitet (oder tut so)\" \/><\/ul>\n<p>Heute nun bin ich geschlagene 25 Jahre in dieser Firma angestellt. Und seit 23 \u00be Jahren sitze ich sogar schon an diesem einen Schreibtisch in diesem einen B\u00fcro, habe \u2013 so glaube ich \u2013 zwei B\u00fcrosessel durchgesessen und unz\u00e4hlige Rechner in Rauch aufgehen sehen. Viele Kolleginnen und Kollegen haben l\u00e4ngst den Dienst quittiert (sind in Rente gegangen) oder haben sogar schon das Zeitliche gesegnet. Auch meine Tage sind gez\u00e4hlt (wohl bemerkt: Arbeitstage), variieren aber noch zwischen knapp 500 und etwas \u00fcber 1000 Tagen (wenn ich denn bis zur bitteren Neige verharren sollte), d.h. zwischen 2 Jahren\/5 Monaten und 5 Jahren\/ein Monat. <em>Restlebensarbeitszeit!<\/em><\/p>\n<p>Nun ich mache kein gro\u00dfes <a href=\"http:\/\/www.duden.de\/suchen\/dudenonline\/gewese\" target=\"_blank\">Gewese<\/a> um so ein Jubil\u00e4um. Nett, dass mir mein oberster Chef (<em>Dr. rer. pol. h.c.<\/em>) urkundlich Dank und Anerkennung f\u00fcr meine Mitarbeit ausgesprochen hat. Dank auch f\u00fcr manchen H\u00e4ndedruck lieber Mitarbeiter. Und mehrere Damen durften mich auch richtig knuddeln. Aber das ist heute ein Tag wie jeder andere. Schnittchen und so (ja, ich wei\u00df, ich bin ein Knauser) gibt\u2019s, wenn\u2019s wirklich auch \u2019was zu feiern gibt. Und das ist eben erst in mindestens 2 Jahren\/5 Monaten bzw. in maximal 5 Jahren\/ein Monat.<\/p>\n","protected":false},"excerpt":{"rendered":"<p>Ein wesentliches Merkmal des Alterns ist die Anh\u00e4ufung von Jubil\u00e4en in eigener Sache. Es ist zun\u00e4chst eine gro\u00dfe Freude, Geburtstage zu erreichen, die hinten eine Null haben (wie bei mir dieses Jahr) oder zumindest durch f\u00fcnf teilbar sind (ohne Rest bzw. Nachkommastellen), auch wenn die Zehnerstelle bereits eine Zahl \u00fcber f\u00fcnf ist. Ist man verheiratet, &hellip; <a href=\"https:\/\/willizblog.de\/?p=8746\" class=\"more-link\"><span class=\"screen-reader-text\">Jubil\u00e4um<\/span> weiterlesen <span class=\"meta-nav\">&rarr;<\/span><\/a><\/p>\n","protected":false},"author":1,"featured_media":0,"comment_status":"open","ping_status":"open","sticky":false,"template":"","format":"standard","meta":[],"categories":[32],"tags":[],"_links":{"self":[{"href":"https:\/\/willizblog.de\/index.php?rest_route=\/wp\/v2\/posts\/8746"}],"collection":[{"href":"https:\/\/willizblog.de\/index.php?rest_route=\/wp\/v2\/posts"}],"about":[{"href":"https:\/\/willizblog.de\/index.php?rest_route=\/wp\/v2\/types\/post"}],"author":[{"embeddable":true,"href":"https:\/\/willizblog.de\/index.php?rest_route=\/wp\/v2\/users\/1"}],"replies":[{"embeddable":true,"href":"https:\/\/willizblog.de\/index.php?rest_route=%2Fwp%2Fv2%2Fcomments&post=8746"}],"version-history":[{"count":0,"href":"https:\/\/willizblog.de\/index.php?rest_route=\/wp\/v2\/posts\/8746\/revisions"}],"wp:attachment":[{"href":"https:\/\/willizblog.de\/index.php?rest_route=%2Fwp%2Fv2%2Fmedia&parent=8746"}],"wp:term":[{"taxonomy":"category","embeddable":true,"href":"https:\/\/willizblog.de\/index.php?rest_route=%2Fwp%2Fv2%2Fcategories&post=8746"},{"taxonomy":"post_tag","embeddable":true,"href":"https:\/\/willizblog.de\/index.php?rest_route=%2Fwp%2Fv2%2Ftags&post=8746"}],"curies":[{"name":"wp","href":"https:\/\/api.w.org\/{rel}","templated":true}]}}