{"id":8756,"date":"2014-10-03T06:29:06","date_gmt":"2014-10-03T05:29:06","guid":{"rendered":"http:\/\/www.willizblog.de\/?p=8756"},"modified":"2014-10-02T08:31:05","modified_gmt":"2014-10-02T07:31:05","slug":"tag-der-deutschen-dreieinigkeit-2014","status":"publish","type":"post","link":"https:\/\/willizblog.de\/?p=8756","title":{"rendered":"Tag der deutschen Dreieinigkeit 2014"},"content":{"rendered":"<p>Ich wei\u00df, ich wiederhole mich. Aber wenn wir wie jedes Jahr heute den <a href=\"https:\/\/de.wikipedia.org\/wiki\/Tag_der_Deutschen_Einheit\" target=\"_blank\">Tag der Deutschen Einheit<\/a> feiern (genauer: den Tag der <em>deutschen Wiedervereinigung<\/em>), dann muss ich mich an Zeiten erinnern, die lange vor dem Jahr 1990 liegen. Damals ging es gewisserma\u00dfen um eine <strong>deutsche Dreieinigkeit!<\/strong><\/p>\n<p>Ich kann mich noch sehr gut an die Aush\u00e4nge erinnern, die zu Zeiten fr\u00fcherer CDU-Regierungen an <a href=\"https:\/\/de.wikipedia.org\/wiki\/Litfa%C3%9Fs%C3%A4ule\" target=\"_blank\">Litfa\u00dfs\u00e4ulen<\/a> klebten und Deutschland als ein durch den Krieg dreigeteiltes Land zeigten: links (da nach Norden ausgerichtet) die Bundesrepublik, in der Mitte die SBZ (sowjetisch-besetzte Zone) und rechts die besetzten Ostgebiete. Das Motto der Parteien: 3 geteilt? \u2013 niemals! Damals war die Wirklichkeit eine andere und erst unter Willy Brandt wurde die eigentliche Realit\u00e4t dann \u2018im Westen\u2019 akzeptiert, auch wenn die Bild-Zeitung weiterhin unbeirrt DDR in Anf\u00fchrungszeichen schrieb (immerhin schrieb man schon DDR und nicht mehr SBZ).<\/p>\n<table border=\"0\" cellpadding=\"4\" cellspacing=\"0\" width=\"100%\" bgcolor=\"#000000\">\n<tr>\n<td width=\"100%\">\n<p align=\"center\"><img loading=\"lazy\" border=\"0\" src=\"https:\/\/www.willizblog.de\/blogpicts\/ungeteiltes-deutschland.gif\" alt=\"Unteilbares Deutschland\" title=\"Unteilbares Deutschland\" width=\"492\" height=\"172\"><\/td>\n<\/tr>\n<tr>\n<td width=\"100%\">\n<p align=\"center\"><img loading=\"lazy\" border=\"0\" src=\"https:\/\/www.willizblog.de\/blogpicts\/drei_geteilt_niemals.jpg\" alt=\"drei geteilt - niemals\" title=\"drei geteilt - niemals\" width=\"131\" height=\"150\"><\/td>\n<\/tr>\n<\/table>\n<p>Zu Zeiten dieser Dreigeteiltheit nannte man den mittleren Teil Deutschlands auch gern Mitteldeutschland. Erst viel sp\u00e4ter wurde das in Ostdeutschland \u2018umgetauft\u2019 und seit 1990 spricht man dann bekanntlich von den \u2018neuen Bundesl\u00e4ndern\u2019. Wie sich geographische Begriffe \u00e4ndern k\u00f6nnen. Nur durch einige Vertriebenenverb\u00e4nden kann man irritiert werden, wenn diese von Ostdeutschland sprechen und damit u.a. Schlesien meinen (nur liegt Schwerin nicht in Schlesien &#8211; wenn beide auch in Ostdeutschland liegen?!).<\/p>\n<p>Nun heute ist unser, Deutschlands Nationalfeiertag. Und wir feiern die deutsche Einheit oder Wiedervereinigung oder Dreieinigkeit oder wie oder was \u2026? Was auch immer! Feiern wir eben \u2026!<\/p>\n","protected":false},"excerpt":{"rendered":"<p>Ich wei\u00df, ich wiederhole mich. Aber wenn wir wie jedes Jahr heute den Tag der Deutschen Einheit feiern (genauer: den Tag der deutschen Wiedervereinigung), dann muss ich mich an Zeiten erinnern, die lange vor dem Jahr 1990 liegen. Damals ging es gewisserma\u00dfen um eine deutsche Dreieinigkeit! Ich kann mich noch sehr gut an die Aush\u00e4nge &hellip; <a href=\"https:\/\/willizblog.de\/?p=8756\" class=\"more-link\"><span class=\"screen-reader-text\">Tag der deutschen Dreieinigkeit 2014<\/span> weiterlesen <span class=\"meta-nav\">&rarr;<\/span><\/a><\/p>\n","protected":false},"author":1,"featured_media":0,"comment_status":"open","ping_status":"open","sticky":false,"template":"","format":"standard","meta":[],"categories":[32,12],"tags":[],"_links":{"self":[{"href":"https:\/\/willizblog.de\/index.php?rest_route=\/wp\/v2\/posts\/8756"}],"collection":[{"href":"https:\/\/willizblog.de\/index.php?rest_route=\/wp\/v2\/posts"}],"about":[{"href":"https:\/\/willizblog.de\/index.php?rest_route=\/wp\/v2\/types\/post"}],"author":[{"embeddable":true,"href":"https:\/\/willizblog.de\/index.php?rest_route=\/wp\/v2\/users\/1"}],"replies":[{"embeddable":true,"href":"https:\/\/willizblog.de\/index.php?rest_route=%2Fwp%2Fv2%2Fcomments&post=8756"}],"version-history":[{"count":0,"href":"https:\/\/willizblog.de\/index.php?rest_route=\/wp\/v2\/posts\/8756\/revisions"}],"wp:attachment":[{"href":"https:\/\/willizblog.de\/index.php?rest_route=%2Fwp%2Fv2%2Fmedia&parent=8756"}],"wp:term":[{"taxonomy":"category","embeddable":true,"href":"https:\/\/willizblog.de\/index.php?rest_route=%2Fwp%2Fv2%2Fcategories&post=8756"},{"taxonomy":"post_tag","embeddable":true,"href":"https:\/\/willizblog.de\/index.php?rest_route=%2Fwp%2Fv2%2Ftags&post=8756"}],"curies":[{"name":"wp","href":"https:\/\/api.w.org\/{rel}","templated":true}]}}