{"id":8759,"date":"2014-10-06T09:05:13","date_gmt":"2014-10-06T08:05:13","guid":{"rendered":"http:\/\/www.willizblog.de\/?p=8759"},"modified":"2014-10-06T09:05:13","modified_gmt":"2014-10-06T08:05:13","slug":"die-schlechteste-abwehr-der-liga","status":"publish","type":"post","link":"https:\/\/willizblog.de\/?p=8759","title":{"rendered":"Die schlechteste Abwehr der Liga"},"content":{"rendered":"<p>Gegen den SC Freiburg sollte unbedingt ein Sieg her &#8211; so klar war die Aufgabenstellung vor dem 7. Bundesligaspieltag. Am Ende stand es 1:1, das zweite Unentschieden im Weserstadion. Mit gerade einmal vier Punkten aus sieben Spielen ist der SV Werder Bremen nun sogar auf den letzten Tabellenplatz abgerutscht.<\/p>\n<p>Ich war etwas zu optimistisch. <a href=\"https:\/\/www.willizblog.de\/?p=8723\" target=\"_blank\">Vor drei Wochen sah ich<\/a> die Bremer auf einem guten Weg. \u2013 und das nach drei Unentschieden. Dem folgten drei Niederlagen in Folge. Und jetzt das Unentschieden gegen die Freiburger, das schon als Schicksalsspiel hochstilisiert wurde. <\/p>\n<p>Werder ist und bleibt die \u201aSchie\u00dfbude der Liga\u2019 und hat mit 16 Gegentreffern die schlechteste Abwehr der Bundesliga. Dabei hat man sogar noch Gl\u00fcck, denn pro Spiel kommt noch ein Pfosten- bzw. Lattentreffer im Schnitt hinzu, soviel hat keine andere Mannschaft bisher kassiert. Okay, dem stehen immerhin 10 geschossene Tore gegen\u00fcber (entspricht dem Mittelfeld) und mit <em>Franco di Santo<\/em> (4 Tore) hat man sogar einen St\u00fcrmer, der sich zz. ganz oben in der Torsch\u00fctzenliste einreiht. <\/p>\n<ul><img src=\"https:\/\/www.willizblog.de\/blogpicts\/werder_sinking_ship.jpg\" alt=\"Werder Bremen: Wohin geht die Reise?\" title=\"Werder Bremen: Wohin geht die Reise?\" \/><\/ul>\n<p>Tore entscheiden nun einmal ein Spiel: Gegentore, die die Abwehr verhindern sollte \u2013 und Tore, die zu erzielen sind \u2013 von wem auch immer. Wo hapert es also im Augenblick bei Werder? Es sind oft individuelle Fehler, Fahrl\u00e4ssigkeiten, die zu Gegentoren f\u00fchren. Au\u00dferdem scheinen die Spieler besonders beim Spielbeginn (z.B. zum Beginn der 2. Halbzeit gegen Schalke) noch nicht voll und ganz aufs Spiel konzentriert zu sein. Wie schon in den letzten Jahren so kassieren die Bremer auch jetzt wieder oft fr\u00fch ihre Gegentore und laufen dann einem R\u00fcckstand hinterher. Und vorn im Angriff: Da gibt es z.B. so eine Pappnase wie <em>Eljero Elia<\/em>, der es besonders sch\u00f6n machen will und den Ball \u00fcber den Torwart lupft statt direkt zu schie\u00dfen. Der Ball geht nat\u00fcrlich auch \u00fcbers Tor.<\/p>\n<p>Was \u00e4rgerlich ist, dass ist dieses \u201aSch\u00f6nreden\u2019 (auch das kennen wir von fr\u00fcher her). Nat\u00fcrlich hat man sowohl gegen Hoffenheim und Schalke (trotz der 0:3-Niederlage) als auch am letzten Samstag gegen Freiburg \u201agut\u2019 gespielt und viele Torchancen gehabt. Aber Fakt ist und bleibt: man hat unn\u00f6tige Tore kassiert und eigene Chancen nicht verwertet. Sch\u00f6nen Worten folgen keine entsprechende Taten.<\/p>\n<p>Wohin f\u00fchrt jetzt also der weitere Weg? Erst einmal hat man L\u00e4nderspielpause, was vielleicht ganz gut ist. Am 18. kommt\u2019s dann aber auch gleich wieder ganz dick: Alles andere als eine Niederlage in M\u00fcnchen gegen die wieder stark aufspielenden Bayern muss als Wunder gewertet werden.<\/p>\n<p>Wichtig ist, dass man sich bei Werder nicht \u201averr\u00fcckt\u2019 machen l\u00e4sst. Nutzt die Pause, um den Kopf m\u00f6glichst frei zu bekommen. Haltet vor allem ganz einfach die Klappe, trainiert das, was ihr irgendwie nicht so ganz draufhat \u2013 und zeigt dann endlich, <a href=\"http:\/\/de.wiktionary.org\/wiki\/wissen,_wo_Barthel_den_Most_holt\" target=\"_blank\">wo Fin Bartels das Weserwasser holt<\/a>, um es einmal so zu sagen.<\/p>\n<p>Nach sieben fetten Jahren ist Werder zz. im f\u00fcnften mageren Jahr. Auch wenn es keiner so richtig wahrhaben will, aber auch diese Saison wird wieder ein Kampf gegen den Abstieg werden. Und obwohl ich es etwas verfr\u00fcht und geradezu unfair finde, aber <em>\u201eschon jetzt wird \u00fcber [den] Dutt-Nachfolger spekuliert \u2013 und es f\u00e4llt immer wieder der Name Viktor Skripnik, der aktuelle U23-Coach. 1998\/99 kam die Rettung auch aus der zweiten Mannschaft. Sie hie\u00df Thomas Schaaf. Dazwischen durfte aber noch ein gewisser Felix Magath beweisen, dass Trainerwechsel auch v\u00f6llig falsch sein k\u00f6nnen.\u201c<\/em> (Quelle: <a href=\"http:\/\/www.kreiszeitung.de\/werder-bremen\/werder-bremen-werder-absturz-4048528.html\" target=\"_blank\">kreiszeitung.de<\/a>)<\/p>\n","protected":false},"excerpt":{"rendered":"<p>Gegen den SC Freiburg sollte unbedingt ein Sieg her &#8211; so klar war die Aufgabenstellung vor dem 7. Bundesligaspieltag. Am Ende stand es 1:1, das zweite Unentschieden im Weserstadion. Mit gerade einmal vier Punkten aus sieben Spielen ist der SV Werder Bremen nun sogar auf den letzten Tabellenplatz abgerutscht. Ich war etwas zu optimistisch. Vor &hellip; <a href=\"https:\/\/willizblog.de\/?p=8759\" class=\"more-link\"><span class=\"screen-reader-text\">Die schlechteste Abwehr der Liga<\/span> weiterlesen <span class=\"meta-nav\">&rarr;<\/span><\/a><\/p>\n","protected":false},"author":1,"featured_media":0,"comment_status":"open","ping_status":"open","sticky":false,"template":"","format":"standard","meta":[],"categories":[27],"tags":[],"_links":{"self":[{"href":"https:\/\/willizblog.de\/index.php?rest_route=\/wp\/v2\/posts\/8759"}],"collection":[{"href":"https:\/\/willizblog.de\/index.php?rest_route=\/wp\/v2\/posts"}],"about":[{"href":"https:\/\/willizblog.de\/index.php?rest_route=\/wp\/v2\/types\/post"}],"author":[{"embeddable":true,"href":"https:\/\/willizblog.de\/index.php?rest_route=\/wp\/v2\/users\/1"}],"replies":[{"embeddable":true,"href":"https:\/\/willizblog.de\/index.php?rest_route=%2Fwp%2Fv2%2Fcomments&post=8759"}],"version-history":[{"count":0,"href":"https:\/\/willizblog.de\/index.php?rest_route=\/wp\/v2\/posts\/8759\/revisions"}],"wp:attachment":[{"href":"https:\/\/willizblog.de\/index.php?rest_route=%2Fwp%2Fv2%2Fmedia&parent=8759"}],"wp:term":[{"taxonomy":"category","embeddable":true,"href":"https:\/\/willizblog.de\/index.php?rest_route=%2Fwp%2Fv2%2Fcategories&post=8759"},{"taxonomy":"post_tag","embeddable":true,"href":"https:\/\/willizblog.de\/index.php?rest_route=%2Fwp%2Fv2%2Ftags&post=8759"}],"curies":[{"name":"wp","href":"https:\/\/api.w.org\/{rel}","templated":true}]}}