{"id":8807,"date":"2014-10-24T08:21:40","date_gmt":"2014-10-24T07:21:40","guid":{"rendered":"http:\/\/www.willizblog.de\/?p=8807"},"modified":"2014-10-24T08:21:40","modified_gmt":"2014-10-24T07:21:40","slug":"vor-der-haustur-herbsturlaub-2014","status":"publish","type":"post","link":"https:\/\/willizblog.de\/?p=8807","title":{"rendered":"Vor der Haust\u00fcr: Herbsturlaub 2014!"},"content":{"rendered":"<p>Wenn\u2019s kommt, dann kommt\u2019s dicke &#8230; In den letzten Tagen hatte ich einiges um die Ohren und bin zu wenig anderem gekommen. Aber heute ist mein letzter Arbeitstag. Zwei Wochen Urlaub liegen vor mir, was will ich mehr &#8230;<\/p>\n<ul><img src=\"https:\/\/www.willizblog.de\/images\/zettel_urlaub_plattdeutsch.jpg\" alt=\"Urlaubstiet is wedder do(r) ...: Harvst-Urlaub 2014\" title=\"Urlaubstiet is wedder do(r) ...: Harvst-Urlaub 2014\" \/><\/ul>\n<p>&#8230; und es herbstelt. Die Bl\u00e4tter f\u00e4rbeln, bevor sie von den B\u00e4umlein plumpsen. \u201aStormgebrus\u2019 peitscht dir bald die \u201aRegendroppen\u2019 um die \u201aNees\u2019. Aber das sorgt f\u00fcr gesunde Durchblutung der \u201aSnutpell\u2019, glov\u2019 mi dat!<\/p>\n<p>Ja, \u201akieken\u2019 wir mal, was dieser \u201aHarvst\u2019 uns so bringt. Die \u201aWedderutsichten\u2019 sind f\u00fcr die n\u00e4chsten Tage eher gemischmascht. Die \u201aFr\u00fccht\u2019 von dem <em>Aesculus hippocastanum<\/em> \u201adr\u00fcppelt\u2019 dir auf den \u201aDeets\u2019, wenn du nicht \u201aoppasst\u2019.<\/p>\n<ul><img src=\"https:\/\/www.willizblog.de\/blogpicts\/herbsturlaub2009_10_08.jpg\" alt=\"Kastanien \u2013 Kastanjen, ook Christangel\" title=\"Kastanien \u2013 Kastanjen, ook Christangel\" \/><\/ul>\n<p>Aber genug verwuselt <em>hochdeutsch-geplattdeutscht<\/em>. Wenn Ihr die n\u00e4chsten Tage nicht viel von mir <em>h\u00f6ren (lesen) werdet<\/em> (Futur I), dann weil ich es mir gem\u00fctlich <em>gemacht haben werde<\/em> (<a href=\"https:\/\/de.wikipedia.org\/wiki\/Futur#Futur_II\" target=\"_blank\">Futur II<\/a> \u2013 kommt selten vor).<\/p>\n<table border=\"0\" cellpadding=\"0\" cellspacing=\"0\" width=\"100%\">\n<tr>\n<td width=\"100%\"><font face=\"Lucida Grande, Lucida Sans Unicode, Verdana, sans-serif\" size=\"1\" color=\"#FFFFFF\"> Da f\u00e4hrt Sohnemann unser Auto zu Schrott (gottlob kein Personenschaden, alles andere ist bereits geregelt), und da versucht \u201aein neuer Besen besonders gut zu kehren\u2019 (neue Mitarbeiterin beim \u201aJugendamt\u2019 des Landkreises drangsaliert meine Frau, die in der Kindertagespflege als so genannte Tagesmutter t\u00e4tig ist). Vielleicht sp\u00e4ter mehr &#8230;<\/font><\/td>\n<\/tr>\n<\/table>\n","protected":false},"excerpt":{"rendered":"<p>Wenn\u2019s kommt, dann kommt\u2019s dicke &#8230; In den letzten Tagen hatte ich einiges um die Ohren und bin zu wenig anderem gekommen. Aber heute ist mein letzter Arbeitstag. Zwei Wochen Urlaub liegen vor mir, was will ich mehr &#8230; &#8230; und es herbstelt. Die Bl\u00e4tter f\u00e4rbeln, bevor sie von den B\u00e4umlein plumpsen. \u201aStormgebrus\u2019 peitscht dir &hellip; <a href=\"https:\/\/willizblog.de\/?p=8807\" class=\"more-link\"><span class=\"screen-reader-text\">Vor der Haust\u00fcr: Herbsturlaub 2014!<\/span> weiterlesen <span class=\"meta-nav\">&rarr;<\/span><\/a><\/p>\n","protected":false},"author":1,"featured_media":0,"comment_status":"open","ping_status":"open","sticky":false,"template":"","format":"standard","meta":[],"categories":[16],"tags":[],"_links":{"self":[{"href":"https:\/\/willizblog.de\/index.php?rest_route=\/wp\/v2\/posts\/8807"}],"collection":[{"href":"https:\/\/willizblog.de\/index.php?rest_route=\/wp\/v2\/posts"}],"about":[{"href":"https:\/\/willizblog.de\/index.php?rest_route=\/wp\/v2\/types\/post"}],"author":[{"embeddable":true,"href":"https:\/\/willizblog.de\/index.php?rest_route=\/wp\/v2\/users\/1"}],"replies":[{"embeddable":true,"href":"https:\/\/willizblog.de\/index.php?rest_route=%2Fwp%2Fv2%2Fcomments&post=8807"}],"version-history":[{"count":0,"href":"https:\/\/willizblog.de\/index.php?rest_route=\/wp\/v2\/posts\/8807\/revisions"}],"wp:attachment":[{"href":"https:\/\/willizblog.de\/index.php?rest_route=%2Fwp%2Fv2%2Fmedia&parent=8807"}],"wp:term":[{"taxonomy":"category","embeddable":true,"href":"https:\/\/willizblog.de\/index.php?rest_route=%2Fwp%2Fv2%2Fcategories&post=8807"},{"taxonomy":"post_tag","embeddable":true,"href":"https:\/\/willizblog.de\/index.php?rest_route=%2Fwp%2Fv2%2Ftags&post=8807"}],"curies":[{"name":"wp","href":"https:\/\/api.w.org\/{rel}","templated":true}]}}