{"id":8845,"date":"2014-11-19T13:27:46","date_gmt":"2014-11-19T12:27:46","guid":{"rendered":"http:\/\/www.willizblog.de\/?p=8845"},"modified":"2014-11-19T13:27:46","modified_gmt":"2014-11-19T12:27:46","slug":"ein-vielleicht-starker-abgang","status":"publish","type":"post","link":"https:\/\/willizblog.de\/?p=8845","title":{"rendered":"Ein vielleicht starker Abgang"},"content":{"rendered":"<p>Das war VIELLEICHT ein STARKer Abgang, Herr Kriminalhauptkommissar <a href=\"https:\/\/de.wikipedia.org\/wiki\/Ritter_und_Stark#Felix_Stark\" target=\"_blank\">Felix STARK<\/a> (gespielt von <a href=\"https:\/\/de.wikipedia.org\/wiki\/Boris_Aljinovic\" target=\"_blank\">Boris Aljinovic<\/a>). Zuletzt musste er in der <a href=\"https:\/\/de.wikipedia.org\/wiki\/Tatort_(Fernsehreihe)\" target=\"_blank\">Tatort<\/a>-Episode <a href=\"http:\/\/www.daserste.de\/unterhaltung\/krimi\/tatort\/sendung\/tatort-berlin-vielleicht-100.html\" target=\"_blank\">VIELLEICHT<\/a> ohne Partner <a href=\"https:\/\/de.wikipedia.org\/wiki\/Ritter_und_Stark#Till_Ritter\" target=\"_blank\">Till Ritter<\/a> (<a href=\"https:\/\/de.wikipedia.org\/wiki\/Dominic_Raacke\" target=\"_blank\">Dominic Raacke<\/a>) auskommen, dem Gro\u00dfstadtcowboy, der sich bereits eine Folge zuvor vom Publikum \u201averabschiedet\u2019 hatte. Statt Ritter und Stark ermitteln ab n\u00e4chstem Jahr Nina Rubin und Robert Karow (<a href=\"https:\/\/de.wikipedia.org\/wiki\/Meret_Becker\" target=\"_blank\">Meret Becker<\/a> und <a href=\"https:\/\/de.wikipedia.org\/wiki\/Mark_Waschke\" target=\"_blank\">Mark Waschke<\/a>) in Berlin. Die erste Folge (<a href=\"http:\/\/www.tatort-fundus.de\/web\/news2014\/drehstart-fuer-tatort-das-muli.html\" target=\"_blank\">Das Kuli<\/a>) soll voraussichtlich am 22. M\u00e4rz 2015 ausgestrahlt werden. Im Vorfeld gab es wegen des Wechsels einigen Zoff beim Sender <a href=\"https:\/\/de.wikipedia.org\/wiki\/Rbb_Fernsehen\" target=\"_blank\">rbb<\/a>, weshalb Dominic Raacke eben schon eine Folge fr\u00fcher seinen Job an den Nagel h\u00e4ngte.<\/p>\n<p>KHK Stark muss sich in seinem letzten Fall mit <a href=\"https:\/\/de.wikipedia.org\/wiki\/Pr\u00e4kognition\" target=\"_blank\">Pr\u00e4kognition<\/a> besch\u00e4ftigten. Trude, eine norwegische Psychologiestudentin, die seit einem Jahr in Berlin lebt und studiert, hat einen schrecklichen Alptraum. Als zwei Monate sp\u00e4ter eine Studentin erw\u00fcrgt aufgefunden wird, hat sich der Mord aus ihrem Traum leider bewahrheitet. Doch bald schon gibt es eine weitere Vision, die auch Kommissar Stark betrifft.<\/p>\n<ul><img src=\"http:\/\/www.daserste.de\/unterhaltung\/krimi\/tatort\/sendung\/tatort-berlin-vielleicht-142~_v-banner316_f85eb6.jpg  \" alt=\"Lise Risom Olsen als Trude Bruun Thorvaldsen in der Tatort-Folge \u2018Vielleicht\u2019, Berlin 16.11.2014\"  title=\"Lise Risom Olsen als Trude Bruun Thorvaldsen in der Tatort-Folge \u2018Vielleicht\u2019, Berlin 16.11.2014\"\/><\/ul>\n<p><a href=\"https:\/\/de.wikipedia.org\/wiki\/Seher\" target=\"_blank\">Seherinnen<\/a> sind bei den germanischen V\u00f6lkern und Kulturen in der Zeit von der Antike bis zum Hochmittelalter bezeugt. Und aus noch n\u00f6rdlicheren Regionen kennen wir <a href=\"https:\/\/de.wikipedia.org\/wiki\/V\u00f6lva\" target=\"_blank\">V\u00f6lva<\/a> aus der <a href=\"https:\/\/de.wikipedia.org\/wiki\/V\u00f6lusp\u00e1\" target=\"_blank\">\u201eWeissagung der Seherin\u201c<\/a>. Da wundert es mich nicht, dass die Hauptfigur dieser Tatort-Folge aus dem hohen Norden kommt. Die Norwegerin <a href=\"http:\/\/www.liserisomolsen.no\/\" target=\"_blank\">Lise Risom Olsen<\/a> beeindruckt als \u201anordische Seherin\u2019 durch ihr \u00fcberaus glaubw\u00fcrdiges Spiel auf ganz besondere Weise.<\/p>\n<p>Nat\u00fcrlich fragt man sich, ob eine Vorhersage zuk\u00fcnftiger Ereignisse wie hier m\u00f6glich ist. Wenn ja, dann spielen sich pr\u00e4kognitive Kontakte mit Gedanken \u00fcber Ereignisse ab, nicht mit den Ereignissen selbst. Trude besitzt gewisserma\u00dfen eine Art kombinatorischen Instinkt, den sie dank einer au\u00dfergew\u00f6hnlichen Beobachtungsgabe zum Lesen von Menschen und Situationen nutzt. Es hat etwas mit \u201aGedankenlesen\u2019 zu tun. Trude hatte Kontakte zu beiden T\u00e4tern und hat die \u201anegative Aura\u2019 der beiden in sich aufgenommen.<\/p>\n<p>Wer kennt es nicht, die Sympathie oder Ablehnung auf dem ersten Blick (\u201aLiebe auf dem ersten Blick\u2019). Dabei spielen viele Faktoren eine Rolle: Aussehen, Sprache, dabei Mimik und Gestik \u2013 sicherlich auch \u201aGeruch\u2019 (\u201eden oder die kann ich gut riechen\u201c oder \u201eden oder die kann ich gar nicht riechen\u201c). Warum sollte es nicht auch Menschen geben, die dar\u00fcber hinaus noch \u201aetwas mehr\u2019 wahrnehmen k\u00f6nnen?<\/p>\n<p>Sicherlich \u00fcbersteigert dargestellt ist es, wenn Trude, die immerhin nicht den Zeitpunkt bestimmen kann, die R\u00e4ume beschreibt, wo ihre Visionen stattfinden. Kaum wird sie z.B. \u201awissen\u2019, wie die beiden Toten aus der 2. Vision in dem Restaurant drapiert sein werden. Diese \u00dcbertreibung wird man als k\u00fcnstlerische Freiheit dem Autoren und Regisseur (<a href=\"http:\/\/www.regieverband.de\/de_DE\/member\/33123\" target=\"_blank\">Klaus Kr\u00e4mer<\/a>) dieser Tatort-Folge zugestehen m\u00fcssen.<\/p>\n<p>Ob man das alles nun f\u00fcr Humbug h\u00e4lt oder nicht. Die Wahrheit liegt bekanntlich meist in der Mitte. Auf jeden Fall l\u00e4sst einen diese Tatort-Folge nicht ohne Weiteres kalt.<\/p>\n<p><iframe loading=\"lazy\" width=\"540\" height=\"304\" src=\"\/\/www.youtube.com\/embed\/2W_FsqOIYe4\" frameborder=\"0\" allowfullscreen><\/iframe><br \/>\nTATORT Berlin (16.11.2014): Vielleicht<\/p>\n<p>Nun am Ende wird auch Kriminalhauptkommissar Stark Opfer eines Mordanschlags. Das Ende bleibt dabei f\u00fcr alle Zeit offen: Auf die Frage an den behandelnden Arzt, ob Stark \u00fcberleben wird, antwortet dieser: VIELLEICHT!<\/p>\n<p>Diese Tatort-Episode ist ruhig, aber sehr eindringlich erz\u00e4hlt. Keine unn\u00f6tige Action st\u00f6rt den bis zum Ende spannend bleibenden Ablauf. Und trotz der mystischen Elemente vermittelt dieser Tatort einen Realismus, der die Dramatik eher noch erh\u00f6ht.<\/p>\n<p>In 44 Jahren Tatort haben schon viele Ermittler(teams) den Dienst quittiert. Bei <em>tatort-fundus.de<\/em> wurde recherchiert und in <a href=\"http:\/\/www.tatort-fundus.de\/web\/ermittler\/bye-bye-tatoert.html\" target=\"_blank\">Bye, bye Tat\u00f6rt<\/a> l\u00e4sst sich das Ergebnis nachlesen.<\/p>\n","protected":false},"excerpt":{"rendered":"<p>Das war VIELLEICHT ein STARKer Abgang, Herr Kriminalhauptkommissar Felix STARK (gespielt von Boris Aljinovic). Zuletzt musste er in der Tatort-Episode VIELLEICHT ohne Partner Till Ritter (Dominic Raacke) auskommen, dem Gro\u00dfstadtcowboy, der sich bereits eine Folge zuvor vom Publikum \u201averabschiedet\u2019 hatte. Statt Ritter und Stark ermitteln ab n\u00e4chstem Jahr Nina Rubin und Robert Karow (Meret Becker &hellip; <a href=\"https:\/\/willizblog.de\/?p=8845\" class=\"more-link\"><span class=\"screen-reader-text\">Ein vielleicht starker Abgang<\/span> weiterlesen <span class=\"meta-nav\">&rarr;<\/span><\/a><\/p>\n","protected":false},"author":1,"featured_media":0,"comment_status":"open","ping_status":"open","sticky":false,"template":"","format":"standard","meta":[],"categories":[441],"tags":[],"_links":{"self":[{"href":"https:\/\/willizblog.de\/index.php?rest_route=\/wp\/v2\/posts\/8845"}],"collection":[{"href":"https:\/\/willizblog.de\/index.php?rest_route=\/wp\/v2\/posts"}],"about":[{"href":"https:\/\/willizblog.de\/index.php?rest_route=\/wp\/v2\/types\/post"}],"author":[{"embeddable":true,"href":"https:\/\/willizblog.de\/index.php?rest_route=\/wp\/v2\/users\/1"}],"replies":[{"embeddable":true,"href":"https:\/\/willizblog.de\/index.php?rest_route=%2Fwp%2Fv2%2Fcomments&post=8845"}],"version-history":[{"count":0,"href":"https:\/\/willizblog.de\/index.php?rest_route=\/wp\/v2\/posts\/8845\/revisions"}],"wp:attachment":[{"href":"https:\/\/willizblog.de\/index.php?rest_route=%2Fwp%2Fv2%2Fmedia&parent=8845"}],"wp:term":[{"taxonomy":"category","embeddable":true,"href":"https:\/\/willizblog.de\/index.php?rest_route=%2Fwp%2Fv2%2Fcategories&post=8845"},{"taxonomy":"post_tag","embeddable":true,"href":"https:\/\/willizblog.de\/index.php?rest_route=%2Fwp%2Fv2%2Ftags&post=8845"}],"curies":[{"name":"wp","href":"https:\/\/api.w.org\/{rel}","templated":true}]}}