{"id":8863,"date":"2014-11-29T06:20:02","date_gmt":"2014-11-29T05:20:02","guid":{"rendered":"http:\/\/www.willizblog.de\/?p=8863"},"modified":"2014-11-27T12:02:21","modified_gmt":"2014-11-27T11:02:21","slug":"weihnachten-von-a-bis-z-a-wie-advent-2","status":"publish","type":"post","link":"https:\/\/willizblog.de\/?p=8863","title":{"rendered":"Weihnachten von A bis Z: A wie Advent"},"content":{"rendered":"<p>Vor sechs Jahren schenkte mir meine Frau ein <a href=\"https:\/\/www.amazon.de\/gp\/product\/3805207832\/ref=as_li_tl?ie=UTF8&#038;camp=1638&#038;creative=6742&#038;creativeASIN=3805207832&#038;linkCode=as2&#038;tag=familiealbin-21&#038;linkId=BKEIEDPQEXECCL47\" target=\"_blank\"><strong>Weihnachtslexikon<\/strong><\/a><img loading=\"lazy\" src=\"http:\/\/ir-de.amazon-adsystem.com\/e\/ir?t=familiealbin-21&#038;l=as2&#038;o=3&#038;a=3805207832\" width=\"1\" height=\"1\" border=\"0\" alt=\"\" style=\"border:none !important; margin:0px !important;\" \/> mit allem Wissenswerten zum Fest der Feste. Gesammelt wurden die Informationen zu den immerhin 3200 Stichw\u00f6rtern von <a href=\"https:\/\/de.wikipedia.org\/wiki\/Theo_Herrlein\" target=\"_blank\">Theo Herrlein<\/a> \u2013 <strong>von Aachener Printen bis Zw\u00f6lfern\u00e4chte<\/strong>.<\/p>\n<p>Zum einen mag ich Nachschlagewerke. Und wenn es kuriose Lexika wie dieses Weihnachtslexikon sind, dann um so mehr. Es macht Spa\u00df, in einem solchen Werk zu bl\u00e4ttern. Man schl\u00e4gt es willk\u00fcrlich irgendwo auf, liest den einen oder anderen Artikel \u2013 und ist im Nachhinein um einiges schlauer.<\/p>\n<p>In dieser kleinen Reihe \u201eWeihnachten von A bis Z\u201c bediene ich mich einwenig aus diesem Lexikon. Die Weihnachtszeit ist auch heute noch f\u00fcr mich eine besondere Zeit. Als meine S\u00f6hne klein waren, galt das vor allem. In einer so schnelllebigen Zeit wie der heutigen, ist es angebracht, ab und zu Zeit zur Besinnung zu finden. Die Weihnachtszeit eignet sich hierf\u00fcr besonders.<\/p>\n<p>Als Schwerpunkt werde ich hier Stichw\u00f6rter heraussuchen, die einen regionalen Hintergrund haben &#8211; aus meiner Sicht: alles Passende zu Norddeutschland. Aber nicht nur. Und den Begriff Weihnachten fasse ich auch nicht allzu eng: Es ist f\u00fcr mich die Zeit ab 11.11., dem <a href=\"https:\/\/www.willizblog.de\/?p=2359\" target=\"_blank\">Martinstag<\/a> bis hin zum Dreik\u00f6nigstag, den 6.1. im neuen Jahr. Es fasst also die Adventszeit, dann die Festtage selbst \u2013 und geht \u00fcber Silvester und den Neujahrstag bis ins neue Jahr hinein.<\/p>\n<table border=\"0\" cellpadding=\"0\" cellspacing=\"0\" width=\"100%\">\n<tr>\n<td width=\"50%\">\n<p align=\"center\"><img loading=\"lazy\" border=\"0\" src=\"https:\/\/www.willizblog.de\/blogpicts\/advent2009_03.jpg\" alt=\"selbst gebundener Adventskranz bei AlbinZ (Wohnzimmer)\" width=\"270\" height=\"203\"><\/td>\n<td width=\"50%\">\n<p align=\"center\"><img loading=\"lazy\" border=\"0\" src=\"https:\/\/www.willizblog.de\/blogpicts\/advent2009_04.jpg\" alt=\"selbst gebundener Adventskranz bei AlbinZ (K\u00fcche)\" width=\"270\" height=\"203\"><\/td>\n<\/tr>\n<\/table>\n<p>Aber genug der Vorrede: Passend zum heutigen Tag, wir feiern den ersten Advent, so findet sich nat\u00fcrlich zum Stichwort \u201aAdvent\u2019 vieles in diesem Buch. Das Wort Advent kommt vom lateinischen <em>adventus<\/em> und bedeutet \u00fcbersetzt Ankunft. Bereits im 6. Jahrhundert nach Christi Geburt legte Papst Gregor der Gro\u00dfe die Grundz\u00fcge der Adventsliturgie fest. Diese vier Wochen vor Weihnachten sollen symbolisch auf rund 4000 Jahre hinweisen, die die Menschheit nach kirchlicher Berechnung auf die Ankunft des Herrn und Erl\u00f6sers warten musste. Mit dem ersten Advent beginnt das Kirchenjahr.<\/p>\n<p>Nach altem Volksbrauch beginnt die Adventszeit am 30. November, dem Andreastag. Und zum Advent eine kleine Kuriosit\u00e4t schriftlicher Art: Das einzige deutsche Wort mit vier \u201etz\u201c ist <em>Atzwentzkrantzkertze<\/em> \u2013 vermutlich rheinischer Herkunft.<\/p>\n<p>Nat\u00fcrlich gibt es zu diesem Stichwort noch viele weitere Eintr\u00e4ge \u2013 von <em>Advent<\/em>, einem Drama von August Strindberg \u2013 bis zu <em>Advent<\/em>, einem Gedicht von Rainer Maria Rilke. Aber auch viele weitere Lemmata beginnen mit Advent: Von <em>Advent anblasen<\/em> bis hin zu <em>Adventszug<\/em>.<\/p>\n<p>Mit A beginnen auch einige Begriffe mit norddeutschem Hintergrund: <em>Altjahresumritte<\/em> gibt es noch heute auf den nordfriesischen Inseln. Am Silvesternachmittag reitet eine Gruppe von jungen M\u00e4nnern von Haus zu Haus und w\u00fcnscht den Bewohnern ein gl\u00fcckliches neues Jahr. Daf\u00fcr bekommen sie Speise und Trunk. Solche und \u00e4hnliche Br\u00e4uche finden sich \u00fcberall in Deutschland. Kinder, Jugendliche aber auch \u00e4ltere Menschen ziehen aus, um den Mitmenschen Gl\u00fcck zu w\u00fcnschen \u2013 und sich daf\u00fcr mit Gaben unterschiedlichster Art beschenken zu lassen.<\/p>\n<p>Da es fr\u00fcher auf der Insel Amrum keine Nadelb\u00e4ume gab, behalfen sich die Insulaner mit h\u00f6lzernen Weihnachtsb\u00e4umen, zuerst aus Besenstielen und angeschwemmten Strandholz. Sp\u00e4ter entstanden kunstvoll geschnitzte oder geschnittene B\u00e4ume, deren Rundbogen mit Weihnachtsgr\u00fcn verziert wurden: <em>Amrumer Weihnachtsbaum<\/em>. Auf den Quer\u00e4sten befinden sich die Lebenssymbole, wie Segelschiff, M\u00fchle, Fisch, Hahn, Kuh und Schaf. Auff\u00e4llig ist, dass sich die Symbole von Amrum und den Halligen deutlich von denen auf dem Festland unterscheiden. Am Fu\u00dfe des Amrumer Baumes befindet sich als christliches Symbol noch ein kleiner Lebensbaum mit Adam und Eva. Zus\u00e4tzlich wurde der Baum auch noch mit roten \u00c4pfeln, Backpflaumen oder mit Rosinenketten geschm\u00fcckt. Der Amrumer Weihnachtsbaum ist bis zu einem halben Meter hoch und hat sich in den letzten Jahren wieder einer verst\u00e4rkten Beliebtheit erfreut.<\/p>\n","protected":false},"excerpt":{"rendered":"<p>Vor sechs Jahren schenkte mir meine Frau ein Weihnachtslexikon mit allem Wissenswerten zum Fest der Feste. Gesammelt wurden die Informationen zu den immerhin 3200 Stichw\u00f6rtern von Theo Herrlein \u2013 von Aachener Printen bis Zw\u00f6lfern\u00e4chte. Zum einen mag ich Nachschlagewerke. Und wenn es kuriose Lexika wie dieses Weihnachtslexikon sind, dann um so mehr. Es macht Spa\u00df, &hellip; <a href=\"https:\/\/willizblog.de\/?p=8863\" class=\"more-link\"><span class=\"screen-reader-text\">Weihnachten von A bis Z: A wie Advent<\/span> weiterlesen <span class=\"meta-nav\">&rarr;<\/span><\/a><\/p>\n","protected":false},"author":1,"featured_media":0,"comment_status":"open","ping_status":"open","sticky":false,"template":"","format":"standard","meta":[],"categories":[33],"tags":[],"_links":{"self":[{"href":"https:\/\/willizblog.de\/index.php?rest_route=\/wp\/v2\/posts\/8863"}],"collection":[{"href":"https:\/\/willizblog.de\/index.php?rest_route=\/wp\/v2\/posts"}],"about":[{"href":"https:\/\/willizblog.de\/index.php?rest_route=\/wp\/v2\/types\/post"}],"author":[{"embeddable":true,"href":"https:\/\/willizblog.de\/index.php?rest_route=\/wp\/v2\/users\/1"}],"replies":[{"embeddable":true,"href":"https:\/\/willizblog.de\/index.php?rest_route=%2Fwp%2Fv2%2Fcomments&post=8863"}],"version-history":[{"count":0,"href":"https:\/\/willizblog.de\/index.php?rest_route=\/wp\/v2\/posts\/8863\/revisions"}],"wp:attachment":[{"href":"https:\/\/willizblog.de\/index.php?rest_route=%2Fwp%2Fv2%2Fmedia&parent=8863"}],"wp:term":[{"taxonomy":"category","embeddable":true,"href":"https:\/\/willizblog.de\/index.php?rest_route=%2Fwp%2Fv2%2Fcategories&post=8863"},{"taxonomy":"post_tag","embeddable":true,"href":"https:\/\/willizblog.de\/index.php?rest_route=%2Fwp%2Fv2%2Ftags&post=8863"}],"curies":[{"name":"wp","href":"https:\/\/api.w.org\/{rel}","templated":true}]}}