{"id":887,"date":"2007-06-24T16:06:16","date_gmt":"2007-06-24T14:06:16","guid":{"rendered":"http:\/\/www.albinz.de\/blog\/?p=887"},"modified":"2007-06-24T16:08:59","modified_gmt":"2007-06-24T14:08:59","slug":"gronemeyer-for-president","status":"publish","type":"post","link":"https:\/\/willizblog.de\/?p=887","title":{"rendered":"Gr\u00f6nemeyer for President"},"content":{"rendered":"<p>Niedersachsens Ministerpr\u00e4sident Christian Wulff (CDU) \u00fcberrascht die Polit-Szene mit einem pikanten Vorschlag: Rockstar Herbert Gr\u00f6nemeyer soll in den Bundestag einziehen &#8211; f\u00fcr die CDU. Wulff selbst w\u00fcrde sich f\u00fcr ein Mandat stark machen. Hintergrund ist die Kritik von Gr\u00f6nemeyer anl\u00e4\u00dflich des G8-Gipfels, mit der er die Glaubw\u00fcrdigkeit der Politik grunds\u00e4tzlich in Frage stellte.<\/p>\n<p>Herr Wulff ist im Lande bekannt f\u00fcr manche Art des Populismus. Woher sollte sonst seine &#8218;allgemeine Popularit\u00e4t&#8216; herstammen. Sicherlich ist die von Herbert Gr\u00f6nemeyer ge\u00e4u\u00dferte Politikerverachtung eine Gefahr f\u00fcr Deutschland, allen voran f\u00fcr die Politik selbst. Aber sind es nicht die Politiker selbst, die durch ihr unendliches Geschwafle f\u00fcr die Politikverdrosselheit im Lande sorgen? Sind faule Kompromisse, wie sie dieser Tage beim EU-Gipfel in Br\u00fcssel vereinbart wurden und die durch polnische (und auch britische) Erpressungsversuche zustande kamen, f\u00fcr uns Normalb\u00fcrger noch nachvollziehbar? Es geht um blo\u00dfe Eigeninteressen der Politiker, um Machtgier und Einflu\u00dfnahme \u00fcber Landesgrenzen hinaus. Die Interessen der eigenen B\u00fcrger sind dabei zweitrangig, die der dritten Welt nur dann von Belang, wenn dadurch wirtschaftliche Erfolge zu erzielen sind.<\/p>\n<p>Vielleicht sollte Herbert Gr\u00f6nemeyer wirklich in die Politik gehen. Aber nach k\u00fcrzester Zeit w\u00fcrde er sich selbst im Gewebe der Politik verzetteln. Damit w\u00e4re keinem gedient. Herr Wulff wei\u00df genau, dass Gr\u00f6nemeyer seinem Ansinnen nicht entsprechen wird. So kann er solche &#8218;pikanten Vorschl\u00e4ge&#8216; auch leichtfertig \u00e4u\u00dfern.<\/p>\n<p>siehe auch zdf.de: <a href=\"http:\/\/www.heute.de\/ZDFheute\/inhalt\/14\/0,3672,5558126,00.html\" target=\"_blank\">Wulff: Gr\u00f6nemeyer an die Macht!<\/a><\/p>\n","protected":false},"excerpt":{"rendered":"<p>Niedersachsens Ministerpr\u00e4sident Christian Wulff (CDU) \u00fcberrascht die Polit-Szene mit einem pikanten Vorschlag: Rockstar Herbert Gr\u00f6nemeyer soll in den Bundestag einziehen &#8211; f\u00fcr die CDU. Wulff selbst w\u00fcrde sich f\u00fcr ein Mandat stark machen. Hintergrund ist die Kritik von Gr\u00f6nemeyer anl\u00e4\u00dflich des G8-Gipfels, mit der er die Glaubw\u00fcrdigkeit der Politik grunds\u00e4tzlich in Frage stellte. Herr Wulff &hellip; <a href=\"https:\/\/willizblog.de\/?p=887\" class=\"more-link\"><span class=\"screen-reader-text\">Gr\u00f6nemeyer for President<\/span> weiterlesen <span class=\"meta-nav\">&rarr;<\/span><\/a><\/p>\n","protected":false},"author":1,"featured_media":0,"comment_status":"closed","ping_status":"closed","sticky":false,"template":"","format":"standard","meta":[],"categories":[12],"tags":[],"_links":{"self":[{"href":"https:\/\/willizblog.de\/index.php?rest_route=\/wp\/v2\/posts\/887"}],"collection":[{"href":"https:\/\/willizblog.de\/index.php?rest_route=\/wp\/v2\/posts"}],"about":[{"href":"https:\/\/willizblog.de\/index.php?rest_route=\/wp\/v2\/types\/post"}],"author":[{"embeddable":true,"href":"https:\/\/willizblog.de\/index.php?rest_route=\/wp\/v2\/users\/1"}],"replies":[{"embeddable":true,"href":"https:\/\/willizblog.de\/index.php?rest_route=%2Fwp%2Fv2%2Fcomments&post=887"}],"version-history":[{"count":0,"href":"https:\/\/willizblog.de\/index.php?rest_route=\/wp\/v2\/posts\/887\/revisions"}],"wp:attachment":[{"href":"https:\/\/willizblog.de\/index.php?rest_route=%2Fwp%2Fv2%2Fmedia&parent=887"}],"wp:term":[{"taxonomy":"category","embeddable":true,"href":"https:\/\/willizblog.de\/index.php?rest_route=%2Fwp%2Fv2%2Fcategories&post=887"},{"taxonomy":"post_tag","embeddable":true,"href":"https:\/\/willizblog.de\/index.php?rest_route=%2Fwp%2Fv2%2Ftags&post=887"}],"curies":[{"name":"wp","href":"https:\/\/api.w.org\/{rel}","templated":true}]}}