{"id":8945,"date":"2014-12-21T07:00:06","date_gmt":"2014-12-21T06:00:06","guid":{"rendered":"http:\/\/www.willizblog.de\/?p=8945"},"modified":"2014-12-15T10:18:41","modified_gmt":"2014-12-15T09:18:41","slug":"weihnachten-von-a-bis-z-v-wie-vaterchen-frost-2","status":"publish","type":"post","link":"https:\/\/willizblog.de\/?p=8945","title":{"rendered":"Weihnachten von A bis Z: V wie V\u00e4terchen Frost"},"content":{"rendered":"<p>Da das Weihnachtsfest der orthodoxen Kirche in Russland erst nach Jahresanfang am 6. Januar gefeiert wird, bringt der Gabenspender \u201eDeduschka Moros\u201c, auch liebevoll <em>V\u00e4terchen Frost<\/em> genannt, den Kindern bereits am 31. Dezember die Geschenke.<\/p>\n<p><em>Vater Winter<\/em> ist dagegen eine altdeutsche Bezeichnung f\u00fcr den Weihnachtsmann.<\/p>\n<p>Im Mittelalter gab es den Brauch der <em>Verkehrten Welt<\/em>. Immer am 28. Dezember hatten die Kinder und Jugendlichen das Sagen, und die Erwachsenen mussten ihnen zu Diensten sein (sind es die Erwachsenen nicht das ganze Jahr \u00fcber?).<\/p>\n<p><img src=\"https:\/\/www.willizblog.de\/blogpicts\/weihnachten_von_a_bis_z.jpg\" alt=\"Weihnachten von A bis Z\" \/><\/p>\n<p>Der erste Montag nach Heilige Drei K\u00f6nige wurde fr\u00fcher auch als <em>Verlorener Montag<\/em> bezeichnet. An diesem Tag wurde der Weihnachtsbaum wegger\u00e4umt.<\/p>\n<p><em>Viel Schellische<\/em> ist ein alter Wunsch zum neuen Jahr auf der Insel Helgoland.<\/p>\n<p>Im Dritten Reich versuchte die nationalsozialistische Partei, zusammen mit dem \u201eWinterhilfswerk\u201c (WHW), die so genannte <em>Volksweihnacht<\/em> immer mehr in den Vordergrund zu stellen \u2013 raffinierterweise unter Ausnutzung der weihnachtlichen Emotionen, christlicher Elemente, wie auch Besinnlichkeit und Tradition. Nach und nach verschwanden sodann die christlichen Symbole und wurden durch das Sonnenrad und das Julfest ersetzt. Vorweihnachten war der nationalsozialistische Adventskalender in Buchform, der 1942 in M\u00fcnchen erschien. Darin wurde versucht, die religi\u00f6sen Weihnachtseinfl\u00fcsse durch altgermanische Gegenbilder zu ersetzen. Dabei wurde der heilige Nikolaus zu Knecht Ruprecht und erwies sich als wieder auferstandener Schimmelreiter Wotan. Das Christkind verwandelte sich in ein \u201eLichtkind\u201c, die Weihnachtskrippe unter dem \u201eJulbaum\u201c wurde zum \u201eWeihnachtsg\u00e4rtchen\u201c, und der Adventskranz zum \u201eSonnwendkranz\u201c.<\/p>\n<p>Im norddeutschen Raum wird der Weihnachtsabend, nicht ohne Grund, auch <em>Vullbucksavend<\/em>, also Vollbauchabend, genannt, denn das Essen spielt an diesem Abend eine besonders gro\u00dfe Rolle.<\/p>\n","protected":false},"excerpt":{"rendered":"<p>Da das Weihnachtsfest der orthodoxen Kirche in Russland erst nach Jahresanfang am 6. Januar gefeiert wird, bringt der Gabenspender \u201eDeduschka Moros\u201c, auch liebevoll V\u00e4terchen Frost genannt, den Kindern bereits am 31. Dezember die Geschenke. Vater Winter ist dagegen eine altdeutsche Bezeichnung f\u00fcr den Weihnachtsmann. Im Mittelalter gab es den Brauch der Verkehrten Welt. Immer am &hellip; <a href=\"https:\/\/willizblog.de\/?p=8945\" class=\"more-link\"><span class=\"screen-reader-text\">Weihnachten von A bis Z: V wie V\u00e4terchen Frost<\/span> weiterlesen <span class=\"meta-nav\">&rarr;<\/span><\/a><\/p>\n","protected":false},"author":1,"featured_media":0,"comment_status":"open","ping_status":"open","sticky":false,"template":"","format":"standard","meta":[],"categories":[33],"tags":[],"_links":{"self":[{"href":"https:\/\/willizblog.de\/index.php?rest_route=\/wp\/v2\/posts\/8945"}],"collection":[{"href":"https:\/\/willizblog.de\/index.php?rest_route=\/wp\/v2\/posts"}],"about":[{"href":"https:\/\/willizblog.de\/index.php?rest_route=\/wp\/v2\/types\/post"}],"author":[{"embeddable":true,"href":"https:\/\/willizblog.de\/index.php?rest_route=\/wp\/v2\/users\/1"}],"replies":[{"embeddable":true,"href":"https:\/\/willizblog.de\/index.php?rest_route=%2Fwp%2Fv2%2Fcomments&post=8945"}],"version-history":[{"count":0,"href":"https:\/\/willizblog.de\/index.php?rest_route=\/wp\/v2\/posts\/8945\/revisions"}],"wp:attachment":[{"href":"https:\/\/willizblog.de\/index.php?rest_route=%2Fwp%2Fv2%2Fmedia&parent=8945"}],"wp:term":[{"taxonomy":"category","embeddable":true,"href":"https:\/\/willizblog.de\/index.php?rest_route=%2Fwp%2Fv2%2Fcategories&post=8945"},{"taxonomy":"post_tag","embeddable":true,"href":"https:\/\/willizblog.de\/index.php?rest_route=%2Fwp%2Fv2%2Ftags&post=8945"}],"curies":[{"name":"wp","href":"https:\/\/api.w.org\/{rel}","templated":true}]}}