{"id":896,"date":"2007-07-03T06:52:51","date_gmt":"2007-07-03T04:52:51","guid":{"rendered":"http:\/\/www.albinz.de\/blog\/?p=896"},"modified":"2007-07-03T07:55:40","modified_gmt":"2007-07-03T05:55:40","slug":"da-lacht-herr-mehdorn-%e2%80%93-streiks-bei-der-deutschen-bahn-ag","status":"publish","type":"post","link":"https:\/\/willizblog.de\/?p=896","title":{"rendered":"Da lacht Herr Mehdorn \u2013 Streiks bei der Deutschen Bahn AG"},"content":{"rendered":"<p>Heute Morgen kommt es durch Warnstreiks bei der Deutschen Bahn AG zu massiven Versp\u00e4tungen im Bahnverkehr. Betroffen sind auch die S-Bahnen in Berlin, M\u00fcnchen, Frankfurt\/Main und Stuttgart. Und, wie ich selbst erleben musste, in Hamburg.<\/p>\n<p>Sicherlich kann man Verst\u00e4ndnis f\u00fcr die streikenden Bahnbesch\u00e4ftigten aufbringen. Nur halte ich es f\u00fcr unangemessen, die Streiks schwerpunktm\u00e4\u00dfig auf den Pendlerverkehr zu beschr\u00e4nken. F\u00fcr Herrn Mehdorn, dem Vorstandsvorsitzenden der DBAG, wird es ein Grund mehr sein, die Nahverkehrsstrecken aufzugeben bzw. durch private Eisenbahnbetreiber bedienen zu lassen. Ein  Streik beim Fernverkehr w\u00fcrde die Deutsche Bahn wirklich treffen.<\/p>\n<p><img src=\"https:\/\/www.albinz.net\/models\/dbag_streiks.jpg\" alt=\"Streiks bei der Deutschen Bahn AG\" \/><\/p>\n<p>weitere Infos zu Zugausf\u00e4llen siehe <a href=\"http:\/\/www.bahn.de\/blitz\/view\/streik.shtml\" target=\"_blank\">bahn.de<\/a><\/p>\n<p>siehe auch zdf.de: <a href=\"http:\/\/www.heute.de\/ZDFheute\/inhalt\/8\/0,3672,5562120,00.html\" target=\"_blank\">Zugverkehr in Gro\u00dfst\u00e4dten ruht<\/a><\/p>\n","protected":false},"excerpt":{"rendered":"<p>Heute Morgen kommt es durch Warnstreiks bei der Deutschen Bahn AG zu massiven Versp\u00e4tungen im Bahnverkehr. Betroffen sind auch die S-Bahnen in Berlin, M\u00fcnchen, Frankfurt\/Main und Stuttgart. Und, wie ich selbst erleben musste, in Hamburg. Sicherlich kann man Verst\u00e4ndnis f\u00fcr die streikenden Bahnbesch\u00e4ftigten aufbringen. Nur halte ich es f\u00fcr unangemessen, die Streiks schwerpunktm\u00e4\u00dfig auf den &hellip; <a href=\"https:\/\/willizblog.de\/?p=896\" class=\"more-link\"><span class=\"screen-reader-text\">Da lacht Herr Mehdorn \u2013 Streiks bei der Deutschen Bahn AG<\/span> weiterlesen <span class=\"meta-nav\">&rarr;<\/span><\/a><\/p>\n","protected":false},"author":1,"featured_media":0,"comment_status":"closed","ping_status":"closed","sticky":false,"template":"","format":"standard","meta":[],"categories":[22],"tags":[],"_links":{"self":[{"href":"https:\/\/willizblog.de\/index.php?rest_route=\/wp\/v2\/posts\/896"}],"collection":[{"href":"https:\/\/willizblog.de\/index.php?rest_route=\/wp\/v2\/posts"}],"about":[{"href":"https:\/\/willizblog.de\/index.php?rest_route=\/wp\/v2\/types\/post"}],"author":[{"embeddable":true,"href":"https:\/\/willizblog.de\/index.php?rest_route=\/wp\/v2\/users\/1"}],"replies":[{"embeddable":true,"href":"https:\/\/willizblog.de\/index.php?rest_route=%2Fwp%2Fv2%2Fcomments&post=896"}],"version-history":[{"count":0,"href":"https:\/\/willizblog.de\/index.php?rest_route=\/wp\/v2\/posts\/896\/revisions"}],"wp:attachment":[{"href":"https:\/\/willizblog.de\/index.php?rest_route=%2Fwp%2Fv2%2Fmedia&parent=896"}],"wp:term":[{"taxonomy":"category","embeddable":true,"href":"https:\/\/willizblog.de\/index.php?rest_route=%2Fwp%2Fv2%2Fcategories&post=896"},{"taxonomy":"post_tag","embeddable":true,"href":"https:\/\/willizblog.de\/index.php?rest_route=%2Fwp%2Fv2%2Ftags&post=896"}],"curies":[{"name":"wp","href":"https:\/\/api.w.org\/{rel}","templated":true}]}}