{"id":9,"date":"2005-02-03T14:48:55","date_gmt":"2005-02-03T13:48:55","guid":{"rendered":"http:\/\/www.albinz.de\/blog\/?p=9"},"modified":"2005-02-18T07:36:50","modified_gmt":"2005-02-18T06:36:50","slug":"die-memoiren-von-gabriel-garcia-marquez","status":"publish","type":"post","link":"https:\/\/willizblog.de\/?p=9","title":{"rendered":"Die Memoiren von Gabriel Garc\u00eda M\u00e1rquez"},"content":{"rendered":"<p>Halbzeit! Die H\u00e4lfte der rund 600 Seiten umfassenden Beschreibung des eigenen Lebens von Gabriel Garc\u00eda M\u00e1rquez &#8218;<a href=\"https:\/\/www.amazon.de\/exec\/obidos\/ASIN\/3596162661\/familiealbin-21\" target=\"_blank\">Leben, um davon zu erz\u00e4hlen<\/a>&#8218; habe ich gelesen und dabei gemischte Gef\u00fchle entwickelt. Garc\u00eda M\u00e1rquez schreibt sehr offen \u00fcber seine Kinder- und Jugendzeit, und es mutet mich fast schon exotisch an, von diesen Lebensumst\u00e4nden zu erfahren. Er war das erste von elf Kindern (die unehelichen des Vaters erst gar nicht mitgez\u00e4hlt) und zeigte schon fr\u00fch sein Interesse an Literatur. Zum einem erf\u00e4hrt man von gro\u00dfer Armut, aber dann kann es dem kleinen Gabito doch nicht so schlecht gehen. Dann pocht er fast st\u00e4ndig auf seine Sch\u00fcchternheit, um von der gro\u00dfen Sause zu schreiben, die er schon als Heranwachsender (&#8218;die Sau rauslassen&#8216;) gestartet hat. Die s\u00fcdamerikanischen Wurzeln sind nicht zu leugnen, sein Machismo, auch wenn seine Mutter auf diesen ersten 300 Seiten mehr noch als der Vater immer wieder im Brennpunkt des Geschehens steht.<\/p>\n<p>Manchmal entsetzt mich die Naivit\u00e4t, mit der Gabriel Garc\u00eda M\u00e1rquez sich selbst beschreibt. Dazu gibt es auch einige L\u00e4ngen, die eher erm\u00fcden. Aber wie schon in seinen gro\u00dfen Romanen gelingt es ihm dann doch, wieder Spannung aufzubauen, die fesselt und zum Weiterlesen verleitet.<\/p>\n<p>Ohne Zweifel interessant sind die vielen Bez\u00fcge dieses Lebens zu seinen Romanen. So sind die &#8218;Hundert Jahre Einsamkeit&#8216; (weltweit rund 400-millionenfach verkauft) gar nicht mehr allein Fiktion, sondern spiegeln vieles aus dem realen Leben des Autors wider. Selbst der Name der Ortes Macondo stellt sich als verlassene Bahnhofsstation heraus.<\/p>\n<p><img src=\"https:\/\/www.albinz.net\/models\/gabo.gif\" alt=\"Gabriel Garcia Marquez\" \/><\/p>\n<p>Aber ich habe ja noch 300 weitere Seiten zu lesen. Ich bin gespannt, wie aus dem kleinen Gabito der gro\u00dfe Gabo geworden ist.<\/p>\n","protected":false},"excerpt":{"rendered":"<p>Halbzeit! Die H\u00e4lfte der rund 600 Seiten umfassenden Beschreibung des eigenen Lebens von Gabriel Garc\u00eda M\u00e1rquez &#8218;Leben, um davon zu erz\u00e4hlen&#8218; habe ich gelesen und dabei gemischte Gef\u00fchle entwickelt. Garc\u00eda M\u00e1rquez schreibt sehr offen \u00fcber seine Kinder- und Jugendzeit, und es mutet mich fast schon exotisch an, von diesen Lebensumst\u00e4nden zu erfahren. Er war das &hellip; <a href=\"https:\/\/willizblog.de\/?p=9\" class=\"more-link\"><span class=\"screen-reader-text\">Die Memoiren von Gabriel Garc\u00eda M\u00e1rquez<\/span> weiterlesen <span class=\"meta-nav\">&rarr;<\/span><\/a><\/p>\n","protected":false},"author":1,"featured_media":0,"comment_status":"closed","ping_status":"closed","sticky":false,"template":"","format":"standard","meta":[],"categories":[3],"tags":[],"_links":{"self":[{"href":"https:\/\/willizblog.de\/index.php?rest_route=\/wp\/v2\/posts\/9"}],"collection":[{"href":"https:\/\/willizblog.de\/index.php?rest_route=\/wp\/v2\/posts"}],"about":[{"href":"https:\/\/willizblog.de\/index.php?rest_route=\/wp\/v2\/types\/post"}],"author":[{"embeddable":true,"href":"https:\/\/willizblog.de\/index.php?rest_route=\/wp\/v2\/users\/1"}],"replies":[{"embeddable":true,"href":"https:\/\/willizblog.de\/index.php?rest_route=%2Fwp%2Fv2%2Fcomments&post=9"}],"version-history":[{"count":0,"href":"https:\/\/willizblog.de\/index.php?rest_route=\/wp\/v2\/posts\/9\/revisions"}],"wp:attachment":[{"href":"https:\/\/willizblog.de\/index.php?rest_route=%2Fwp%2Fv2%2Fmedia&parent=9"}],"wp:term":[{"taxonomy":"category","embeddable":true,"href":"https:\/\/willizblog.de\/index.php?rest_route=%2Fwp%2Fv2%2Fcategories&post=9"},{"taxonomy":"post_tag","embeddable":true,"href":"https:\/\/willizblog.de\/index.php?rest_route=%2Fwp%2Fv2%2Ftags&post=9"}],"curies":[{"name":"wp","href":"https:\/\/api.w.org\/{rel}","templated":true}]}}