{"id":90,"date":"2005-03-31T12:00:00","date_gmt":"2005-03-31T11:00:00","guid":{"rendered":"http:\/\/www.albinz.de\/blog\/?p=90"},"modified":"2005-10-20T11:02:41","modified_gmt":"2005-10-20T09:02:41","slug":"rugen-im-nebel","status":"publish","type":"post","link":"https:\/\/willizblog.de\/?p=90","title":{"rendered":"R\u00fcgen im Nebel"},"content":{"rendered":"<p>Abgesehen davon, dass so eine organisierte Busfahrt mit einer Reisegesellschaft schon etwas \u00c4tzendes ist, so wollte die Insel R\u00fcgen w\u00e4hrend unseres Aufenthaltes auf ihr nicht so recht mitspielen. Das Wenige, das wir zu Gesicht bekamen, war in reichlich Nebel geh\u00fcllt. So lie\u00df ich an einem Tag die Tour an die S\u00fcdspitze R\u00fcgens  ausfallen und besuchte daf\u00fcr mit meinen beiden Jungen das Inselparadies Sellin, eine zwar kleine, aber zum Plantschen sehr gut geeignete Badeanstalt. Meine Frau stocherte daf\u00fcr im Nebel von Kap Arkona herum.<\/p>\n<ul><img src=\"https:\/\/www.willizblog.de\/albpics\/sellin_seebruecke.jpg\" alt=\"Seebr\u00fccke Sellin auf R\u00fcgen am sp\u00e4ten Abend\" \/>   <img src=\"https:\/\/www.willizblog.de\/albpics\/goehren_strand.jpg\" alt=\"Strand von G\u00f6hren auf R\u00fcgen im Nebel und bei Sturm\" \/><\/ul>\n<p>Am Ostersonntag lie\u00dfen wir es uns aber nicht nehmen, mit dem &#8218;rasenden Roland&#8216;, einer Kleinbahn, von Putbus bis Sellin zu fahren. Die Badeorte G\u00f6hren und Binz h\u00fcllten sich zuvor ebenfalls in geradezu eisigen Nebel. Das  Wasser peitschte an den Strand \u00e4hnlich einer Sturmflut an der Nordsee.<\/p>\n<p>Wenn das Wetter besser ist (und schlimmer als jetzt zu Ostern kann es nur noch im Winter werden), dann hat R\u00fcgen doch etwas, was mir und meiner Familie als Inselfreunde durchaus gefallen k\u00f6nnte. Sehenswert ist die B\u00e4derarchitektur, wenn leider durch westliche Spekulanten einige alte H\u00e4user brachliegen und mit der Zeit vergammeln. Und es l\u00e4sst sich in unber\u00fchrter Natur gut wandern oder Rad fahren.<\/p>\n<p>Erst auf der Heimreise zeigte sich leider wieder die Sonne.<\/p>\n","protected":false},"excerpt":{"rendered":"<p>Abgesehen davon, dass so eine organisierte Busfahrt mit einer Reisegesellschaft schon etwas \u00c4tzendes ist, so wollte die Insel R\u00fcgen w\u00e4hrend unseres Aufenthaltes auf ihr nicht so recht mitspielen. Das Wenige, das wir zu Gesicht bekamen, war in reichlich Nebel geh\u00fcllt. So lie\u00df ich an einem Tag die Tour an die S\u00fcdspitze R\u00fcgens ausfallen und besuchte &hellip; <a href=\"https:\/\/willizblog.de\/?p=90\" class=\"more-link\"><span class=\"screen-reader-text\">R\u00fcgen im Nebel<\/span> weiterlesen <span class=\"meta-nav\">&rarr;<\/span><\/a><\/p>\n","protected":false},"author":1,"featured_media":0,"comment_status":"closed","ping_status":"closed","sticky":false,"template":"","format":"standard","meta":[],"categories":[10],"tags":[],"_links":{"self":[{"href":"https:\/\/willizblog.de\/index.php?rest_route=\/wp\/v2\/posts\/90"}],"collection":[{"href":"https:\/\/willizblog.de\/index.php?rest_route=\/wp\/v2\/posts"}],"about":[{"href":"https:\/\/willizblog.de\/index.php?rest_route=\/wp\/v2\/types\/post"}],"author":[{"embeddable":true,"href":"https:\/\/willizblog.de\/index.php?rest_route=\/wp\/v2\/users\/1"}],"replies":[{"embeddable":true,"href":"https:\/\/willizblog.de\/index.php?rest_route=%2Fwp%2Fv2%2Fcomments&post=90"}],"version-history":[{"count":0,"href":"https:\/\/willizblog.de\/index.php?rest_route=\/wp\/v2\/posts\/90\/revisions"}],"wp:attachment":[{"href":"https:\/\/willizblog.de\/index.php?rest_route=%2Fwp%2Fv2%2Fmedia&parent=90"}],"wp:term":[{"taxonomy":"category","embeddable":true,"href":"https:\/\/willizblog.de\/index.php?rest_route=%2Fwp%2Fv2%2Fcategories&post=90"},{"taxonomy":"post_tag","embeddable":true,"href":"https:\/\/willizblog.de\/index.php?rest_route=%2Fwp%2Fv2%2Ftags&post=90"}],"curies":[{"name":"wp","href":"https:\/\/api.w.org\/{rel}","templated":true}]}}